{"id":13292,"date":"2019-07-11T09:23:29","date_gmt":"2019-07-11T09:23:29","guid":{"rendered":"http:\/\/blogdorogeriogomes.com.br\/?p=13292"},"modified":"2019-07-11T09:23:29","modified_gmt":"2019-07-11T09:23:29","slug":"ldo-de-2020-e-a-ultima-materia-a-ser-votada-pelos-deputados-estaduais-antes-do-recesso","status":"publish","type":"post","link":"https:\/\/blogdorogeriogomes.com.br\/noticias\/2019\/07\/ldo-de-2020-e-a-ultima-materia-a-ser-votada-pelos-deputados-estaduais-antes-do-recesso\/","title":{"rendered":"LDO de 2020 \u00e9 a \u00faltima mat\u00e9ria a ser votada pelos deputados estaduais antes do recesso"},"content":{"rendered":"<p><img loading=\"lazy\" decoding=\"async\" class=\"alignnone size-medium wp-image-13293\" src=\"http:\/\/blogdorogeriogomes.com.br\/wp-content\/uploads\/2019\/07\/IMG_20190711_062002_391-300x200.jpg\" alt=\"IMG_20190711_062002_391\" width=\"300\" height=\"200\" srcset=\"https:\/\/blogdorogeriogomes.com.br\/noticias\/wp-content\/uploads\/2019\/07\/IMG_20190711_062002_391-300x200.jpg 300w, https:\/\/blogdorogeriogomes.com.br\/noticias\/wp-content\/uploads\/2019\/07\/IMG_20190711_062002_391.jpg 678w\" sizes=\"auto, (max-width: 300px) 100vw, 300px\" \/><\/p>\n<p>Deputados estaduais j\u00e1 se preparam para entrar no recesso de julho, a partir da pr\u00f3xima semana. No entanto, a Assembleia Legislativa precisa votar o Projeto da Lei de Diretrizes Or\u00e7ament\u00e1rias (LDO) de 2020. Isso deve ocorrer nesta quinta-feira, dia 11 de julho, no plen\u00e1rio da Casa.<br \/>\nA LDO orienta a elabora\u00e7\u00e3o do Or\u00e7amento do Estado para o pr\u00f3ximo ano, que ser\u00e1 votado no final do segundo semestre. No documento, o governador Camilo Santana prev\u00ea arrecada\u00e7\u00e3o de R$ 27,137 bilh\u00f5es em impostos e opera\u00e7\u00f5es de cr\u00e9dito no pr\u00f3ximo ano. Os n\u00fameros podem mudar para a Lei Or\u00e7ament\u00e1ria Anual (LOA). Trata-se da \u00faltima mat\u00e9ria que precisa ser votada antes do in\u00edcio do recesso parlamentar.<\/p>\n","protected":false},"excerpt":{"rendered":"<p>Deputados estaduais j\u00e1 se preparam para entrar no recesso de julho, a partir da pr\u00f3xima semana. No entanto, a Assembleia Legislativa precisa votar o Projeto da Lei de Diretrizes Or\u00e7ament\u00e1rias (LDO) de 2020. Isso deve ocorrer nesta quinta-feira, dia 11 de julho, no plen\u00e1rio da Casa. A LDO orienta a elabora\u00e7\u00e3o do Or\u00e7amento do Estado para o pr\u00f3ximo ano, que ser\u00e1 votado no final do segundo semestre. No documento, o governador Camilo Santana prev\u00ea arrecada\u00e7\u00e3o de R$ 27,137 bilh\u00f5es&hellip;<\/p>\n","protected":false},"author":1,"featured_media":0,"comment_status":"open","ping_status":"open","sticky":false,"template":"","format":"standard","meta":{"footnotes":""},"categories":[1],"tags":[],"class_list":["post-13292","post","type-post","status-publish","format-standard","hentry","category-noticias"],"_links":{"self":[{"href":"https:\/\/blogdorogeriogomes.com.br\/noticias\/wp-json\/wp\/v2\/posts\/13292","targetHints":{"allow":["GET"]}}],"collection":[{"href":"https:\/\/blogdorogeriogomes.com.br\/noticias\/wp-json\/wp\/v2\/posts"}],"about":[{"href":"https:\/\/blogdorogeriogomes.com.br\/noticias\/wp-json\/wp\/v2\/types\/post"}],"author":[{"embeddable":true,"href":"https:\/\/blogdorogeriogomes.com.br\/noticias\/wp-json\/wp\/v2\/users\/1"}],"replies":[{"embeddable":true,"href":"https:\/\/blogdorogeriogomes.com.br\/noticias\/wp-json\/wp\/v2\/comments?post=13292"}],"version-history":[{"count":1,"href":"https:\/\/blogdorogeriogomes.com.br\/noticias\/wp-json\/wp\/v2\/posts\/13292\/revisions"}],"predecessor-version":[{"id":13294,"href":"https:\/\/blogdorogeriogomes.com.br\/noticias\/wp-json\/wp\/v2\/posts\/13292\/revisions\/13294"}],"wp:attachment":[{"href":"https:\/\/blogdorogeriogomes.com.br\/noticias\/wp-json\/wp\/v2\/media?parent=13292"}],"wp:term":[{"taxonomy":"category","embeddable":true,"href":"https:\/\/blogdorogeriogomes.com.br\/noticias\/wp-json\/wp\/v2\/categories?post=13292"},{"taxonomy":"post_tag","embeddable":true,"href":"https:\/\/blogdorogeriogomes.com.br\/noticias\/wp-json\/wp\/v2\/tags?post=13292"}],"curies":[{"name":"wp","href":"https:\/\/api.w.org\/{rel}","templated":true}]}}