{"id":13297,"date":"2019-07-11T23:34:05","date_gmt":"2019-07-11T23:34:05","guid":{"rendered":"http:\/\/blogdorogeriogomes.com.br\/?p=13297"},"modified":"2019-07-11T23:34:05","modified_gmt":"2019-07-11T23:34:05","slug":"obras-da-linha-leste-do-metro-de-fortaleza-seguem-em-duas-frentes-de-trabalho","status":"publish","type":"post","link":"https:\/\/blogdorogeriogomes.com.br\/noticias\/2019\/07\/obras-da-linha-leste-do-metro-de-fortaleza-seguem-em-duas-frentes-de-trabalho\/","title":{"rendered":"Obras da Linha Leste do Metr\u00f4 de Fortaleza seguem em duas frentes de trabalho"},"content":{"rendered":"<p><em><\/em><em><\/em><img loading=\"lazy\" decoding=\"async\" class=\"alignnone size-medium wp-image-13298\" src=\"http:\/\/blogdorogeriogomes.com.br\/wp-content\/uploads\/2019\/07\/IMG_20190711_202813_530-300x200.jpg\" alt=\"IMG_20190711_202813_530\" width=\"300\" height=\"200\" srcset=\"https:\/\/blogdorogeriogomes.com.br\/noticias\/wp-content\/uploads\/2019\/07\/IMG_20190711_202813_530-300x200.jpg 300w, https:\/\/blogdorogeriogomes.com.br\/noticias\/wp-content\/uploads\/2019\/07\/IMG_20190711_202813_530-768x513.jpg 768w, https:\/\/blogdorogeriogomes.com.br\/noticias\/wp-content\/uploads\/2019\/07\/IMG_20190711_202813_530.jpg 1024w\" sizes=\"auto, (max-width: 300px) 100vw, 300px\" \/><\/p>\n<p>Os trabalhos na Linha Leste do Metr\u00f4 de Fortaleza foram iniciadas desde o m\u00eas passado. Ser\u00e3o 7.300 metros de extens\u00e3o com quatro esta\u00e7\u00f5es subterr\u00e2neas (Chico da Silva, Col\u00e9gio Militar, Nunes Valente e Papicu). O contrato prev\u00ea a constru\u00e7\u00e3o de uma esta\u00e7\u00e3o de superf\u00edcie, que servir\u00e1 de terminal para a Linha Oeste.<br \/>\nEsta semana, o secret\u00e1rio da Infraestrutura do Cear\u00e1, Lucio Gomes, acompanhou os trabalhos no canteiro de obras da Linha Leste, localizado no Centro da cidade. No trecho, que ser\u00e1 o ponto de partida da nova linha, os servi\u00e7os se dividem em v\u00e1rias frentes.<br \/>\nAs duas tuneladoras que ser\u00e3o utilizadas para escavar os t\u00faneis at\u00e9 o Papicu j\u00e1 est\u00e3o com suas montagens bem adiantadas. OsOs servi\u00e7os tamb\u00e9m avan\u00e7am nas conten\u00e7\u00f5es e escava\u00e7\u00f5es do trecho onde ser\u00e1 constru\u00edda a Esta\u00e7\u00e3o Chico da Silva da Linha Leste, que ser\u00e1 a primeira subterr\u00e2nea da nova linha. A execu\u00e7\u00e3o dos trabalhos conta com cerca de 496 colaboradores.<br \/>\nTodo o empreendimento vai garantir a integra\u00e7\u00e3o da Linha Leste com as linhas Sul e Oeste, no Centro, e com o VLT Parangaba-Mucuripe e o terminal de \u00f4nibus, no Papicu. Ap\u00f3s conclu\u00eddo, ter\u00e1 capacidade para transportar at\u00e9 150 mil passageiros por dia. O tempo de viagem entre o Centro e o Papicu ser\u00e1 de 15 minutos.<\/p>\n","protected":false},"excerpt":{"rendered":"<p>Os trabalhos na Linha Leste do Metr\u00f4 de Fortaleza foram iniciadas desde o m\u00eas passado. Ser\u00e3o 7.300 metros de extens\u00e3o com quatro esta\u00e7\u00f5es subterr\u00e2neas (Chico da Silva, Col\u00e9gio Militar, Nunes Valente e Papicu). O contrato prev\u00ea a constru\u00e7\u00e3o de uma esta\u00e7\u00e3o de superf\u00edcie, que servir\u00e1 de terminal para a Linha Oeste. Esta semana, o secret\u00e1rio da Infraestrutura do Cear\u00e1, Lucio Gomes, acompanhou os trabalhos no canteiro de obras da Linha Leste, localizado no Centro da cidade. No trecho, que&hellip;<\/p>\n","protected":false},"author":1,"featured_media":0,"comment_status":"open","ping_status":"open","sticky":false,"template":"","format":"standard","meta":{"footnotes":""},"categories":[1],"tags":[],"class_list":["post-13297","post","type-post","status-publish","format-standard","hentry","category-noticias"],"_links":{"self":[{"href":"https:\/\/blogdorogeriogomes.com.br\/noticias\/wp-json\/wp\/v2\/posts\/13297","targetHints":{"allow":["GET"]}}],"collection":[{"href":"https:\/\/blogdorogeriogomes.com.br\/noticias\/wp-json\/wp\/v2\/posts"}],"about":[{"href":"https:\/\/blogdorogeriogomes.com.br\/noticias\/wp-json\/wp\/v2\/types\/post"}],"author":[{"embeddable":true,"href":"https:\/\/blogdorogeriogomes.com.br\/noticias\/wp-json\/wp\/v2\/users\/1"}],"replies":[{"embeddable":true,"href":"https:\/\/blogdorogeriogomes.com.br\/noticias\/wp-json\/wp\/v2\/comments?post=13297"}],"version-history":[{"count":1,"href":"https:\/\/blogdorogeriogomes.com.br\/noticias\/wp-json\/wp\/v2\/posts\/13297\/revisions"}],"predecessor-version":[{"id":13299,"href":"https:\/\/blogdorogeriogomes.com.br\/noticias\/wp-json\/wp\/v2\/posts\/13297\/revisions\/13299"}],"wp:attachment":[{"href":"https:\/\/blogdorogeriogomes.com.br\/noticias\/wp-json\/wp\/v2\/media?parent=13297"}],"wp:term":[{"taxonomy":"category","embeddable":true,"href":"https:\/\/blogdorogeriogomes.com.br\/noticias\/wp-json\/wp\/v2\/categories?post=13297"},{"taxonomy":"post_tag","embeddable":true,"href":"https:\/\/blogdorogeriogomes.com.br\/noticias\/wp-json\/wp\/v2\/tags?post=13297"}],"curies":[{"name":"wp","href":"https:\/\/api.w.org\/{rel}","templated":true}]}}