{"id":13300,"date":"2019-07-11T23:56:53","date_gmt":"2019-07-11T23:56:53","guid":{"rendered":"http:\/\/blogdorogeriogomes.com.br\/?p=13300"},"modified":"2019-07-11T23:56:53","modified_gmt":"2019-07-11T23:56:53","slug":"defensoria-publica-da-uniao-esta-ameacada-de-restringir-atendimento-no-ceara","status":"publish","type":"post","link":"https:\/\/blogdorogeriogomes.com.br\/noticias\/2019\/07\/defensoria-publica-da-uniao-esta-ameacada-de-restringir-atendimento-no-ceara\/","title":{"rendered":"Defensoria P\u00fablica da Uni\u00e3o est\u00e1 amea\u00e7ada de restringir atendimento no Cear\u00e1"},"content":{"rendered":"<p><img loading=\"lazy\" decoding=\"async\" class=\"alignnone size-medium wp-image-13301\" src=\"http:\/\/blogdorogeriogomes.com.br\/wp-content\/uploads\/2019\/07\/IMG_20190711_205227_523-300x275.jpg\" alt=\"IMG_20190711_205227_523\" width=\"300\" height=\"275\" srcset=\"https:\/\/blogdorogeriogomes.com.br\/noticias\/wp-content\/uploads\/2019\/07\/IMG_20190711_205227_523-300x275.jpg 300w, https:\/\/blogdorogeriogomes.com.br\/noticias\/wp-content\/uploads\/2019\/07\/IMG_20190711_205227_523.jpg 737w\" sizes=\"auto, (max-width: 300px) 100vw, 300px\" \/><\/p>\n<p>A Defensoria P\u00fablica da Uni\u00e3o est\u00e1 amea\u00e7ada de fechar as portas em Sobral, na Zona Norte. O atendimento tamb\u00e9m deve ficar restrito em Fortaleza diante da decis\u00e3o do Governo Federal em reduzir o n\u00famero de servidores do \u00f3rg\u00e3o no Cear\u00e1.<br \/>\nO Poder Executivo est\u00e1 devolvendo servidores cedidos por outras \u00f3rg\u00e3os este m\u00eas, o que deve inviabilizar o trabalho da Defensoria P\u00fablica da Uni\u00e3o no Estado, respons\u00e1vel por prestar servi\u00e7os essenciais \u00e0 popula\u00e7\u00e3o carente que precisa de apoio jur\u00eddico em pend\u00eancias no \u00e2mbito federal.<br \/>\nNo Cear\u00e1, s\u00e3o 54 servidores divididos nas unidades de Fortaleza e Sobral. 35 deles s\u00e3o requisitados de outros \u00f3rg\u00e3os federais. Uma realidade que atinge unidades de atendimento em todo o Pa\u00eds.<br \/>\nO prazo final para a devolu\u00e7\u00e3o dos servidores aos \u00f3rg\u00e3os de origem \u00e9 27 de julho. Caso n\u00e3o seja editada uma Medida Provis\u00f3ria para resolver o problema, o escrit\u00f3rio da DPU em Sobral deve ser fechado e o atendimento na unidade de Fortaleza ser\u00e1 reduzido.<\/p>\n","protected":false},"excerpt":{"rendered":"<p>A Defensoria P\u00fablica da Uni\u00e3o est\u00e1 amea\u00e7ada de fechar as portas em Sobral, na Zona Norte. O atendimento tamb\u00e9m deve ficar restrito em Fortaleza diante da decis\u00e3o do Governo Federal em reduzir o n\u00famero de servidores do \u00f3rg\u00e3o no Cear\u00e1. O Poder Executivo est\u00e1 devolvendo servidores cedidos por outras \u00f3rg\u00e3os este m\u00eas, o que deve inviabilizar o trabalho da Defensoria P\u00fablica da Uni\u00e3o no Estado, respons\u00e1vel por prestar servi\u00e7os essenciais \u00e0 popula\u00e7\u00e3o carente que precisa de apoio jur\u00eddico em&hellip;<\/p>\n","protected":false},"author":1,"featured_media":0,"comment_status":"open","ping_status":"open","sticky":false,"template":"","format":"standard","meta":{"footnotes":""},"categories":[1],"tags":[],"class_list":["post-13300","post","type-post","status-publish","format-standard","hentry","category-noticias"],"_links":{"self":[{"href":"https:\/\/blogdorogeriogomes.com.br\/noticias\/wp-json\/wp\/v2\/posts\/13300","targetHints":{"allow":["GET"]}}],"collection":[{"href":"https:\/\/blogdorogeriogomes.com.br\/noticias\/wp-json\/wp\/v2\/posts"}],"about":[{"href":"https:\/\/blogdorogeriogomes.com.br\/noticias\/wp-json\/wp\/v2\/types\/post"}],"author":[{"embeddable":true,"href":"https:\/\/blogdorogeriogomes.com.br\/noticias\/wp-json\/wp\/v2\/users\/1"}],"replies":[{"embeddable":true,"href":"https:\/\/blogdorogeriogomes.com.br\/noticias\/wp-json\/wp\/v2\/comments?post=13300"}],"version-history":[{"count":1,"href":"https:\/\/blogdorogeriogomes.com.br\/noticias\/wp-json\/wp\/v2\/posts\/13300\/revisions"}],"predecessor-version":[{"id":13302,"href":"https:\/\/blogdorogeriogomes.com.br\/noticias\/wp-json\/wp\/v2\/posts\/13300\/revisions\/13302"}],"wp:attachment":[{"href":"https:\/\/blogdorogeriogomes.com.br\/noticias\/wp-json\/wp\/v2\/media?parent=13300"}],"wp:term":[{"taxonomy":"category","embeddable":true,"href":"https:\/\/blogdorogeriogomes.com.br\/noticias\/wp-json\/wp\/v2\/categories?post=13300"},{"taxonomy":"post_tag","embeddable":true,"href":"https:\/\/blogdorogeriogomes.com.br\/noticias\/wp-json\/wp\/v2\/tags?post=13300"}],"curies":[{"name":"wp","href":"https:\/\/api.w.org\/{rel}","templated":true}]}}