{"id":13303,"date":"2019-07-12T00:03:33","date_gmt":"2019-07-12T00:03:33","guid":{"rendered":"http:\/\/blogdorogeriogomes.com.br\/?p=13303"},"modified":"2019-07-12T00:03:33","modified_gmt":"2019-07-12T00:03:33","slug":"comissao-do-senado-aprova-escalonamento-no-atendimento-prioritario-de-idosos","status":"publish","type":"post","link":"https:\/\/blogdorogeriogomes.com.br\/noticias\/2019\/07\/comissao-do-senado-aprova-escalonamento-no-atendimento-prioritario-de-idosos\/","title":{"rendered":"Comiss\u00e3o do Senado aprova escalonamento no atendimento priorit\u00e1rio de idosos"},"content":{"rendered":"<p><img loading=\"lazy\" decoding=\"async\" class=\"alignnone size-medium wp-image-13304\" src=\"http:\/\/blogdorogeriogomes.com.br\/wp-content\/uploads\/2019\/07\/images-66-300x200.jpeg\" alt=\"images (66)\" width=\"300\" height=\"200\" srcset=\"https:\/\/blogdorogeriogomes.com.br\/noticias\/wp-content\/uploads\/2019\/07\/images-66-300x200.jpeg 300w, https:\/\/blogdorogeriogomes.com.br\/noticias\/wp-content\/uploads\/2019\/07\/images-66.jpeg 678w\" sizes=\"auto, (max-width: 300px) 100vw, 300px\" \/><\/p>\n<p>A Comiss\u00e3o de Assuntos Sociais do Senado Federal aprovou projeto que prev\u00ea escalonamento em atendimento priorit\u00e1rio a pessoas com mais de 60 anos. O projeto \u00e9 de autoria da senadora Simone Tebet (MDB\/MS) e relatoria do senador cearense Eduardo Gir\u00e3o (Podemos\/CE), que prop\u00f5e o atendimento priorit\u00e1rio \u00e0s pessoas maiores de 60 anos por escalonamento de faixa et\u00e1ria.<br \/>\nA proposta determina que, salvo nos casos de emerg\u00eancia m\u00e9dica justificada, o atendimento aos idosos ser\u00e1 realizado de forma priorit\u00e1ria aos maiores de 80 anos sobre todos os demais, e aos maiores de 70 anos sobre os maiores de 60 anos.<br \/>\nHoje, o Estatuto do Idoso (Lei n\u00ba 10.741, de 1\u00ba de outubro de 2003) garante atendimento preferencial aos idosos e prev\u00ea prioridade especial aos maiores de oitenta anos, inclusive em rela\u00e7\u00e3o aos demais idosos.<\/p>\n","protected":false},"excerpt":{"rendered":"<p>A Comiss\u00e3o de Assuntos Sociais do Senado Federal aprovou projeto que prev\u00ea escalonamento em atendimento priorit\u00e1rio a pessoas com mais de 60 anos. O projeto \u00e9 de autoria da senadora Simone Tebet (MDB\/MS) e relatoria do senador cearense Eduardo Gir\u00e3o (Podemos\/CE), que prop\u00f5e o atendimento priorit\u00e1rio \u00e0s pessoas maiores de 60 anos por escalonamento de faixa et\u00e1ria. A proposta determina que, salvo nos casos de emerg\u00eancia m\u00e9dica justificada, o atendimento aos idosos ser\u00e1 realizado de forma priorit\u00e1ria aos maiores&hellip;<\/p>\n","protected":false},"author":1,"featured_media":0,"comment_status":"open","ping_status":"open","sticky":false,"template":"","format":"standard","meta":{"footnotes":""},"categories":[1],"tags":[],"class_list":["post-13303","post","type-post","status-publish","format-standard","hentry","category-noticias"],"_links":{"self":[{"href":"https:\/\/blogdorogeriogomes.com.br\/noticias\/wp-json\/wp\/v2\/posts\/13303","targetHints":{"allow":["GET"]}}],"collection":[{"href":"https:\/\/blogdorogeriogomes.com.br\/noticias\/wp-json\/wp\/v2\/posts"}],"about":[{"href":"https:\/\/blogdorogeriogomes.com.br\/noticias\/wp-json\/wp\/v2\/types\/post"}],"author":[{"embeddable":true,"href":"https:\/\/blogdorogeriogomes.com.br\/noticias\/wp-json\/wp\/v2\/users\/1"}],"replies":[{"embeddable":true,"href":"https:\/\/blogdorogeriogomes.com.br\/noticias\/wp-json\/wp\/v2\/comments?post=13303"}],"version-history":[{"count":1,"href":"https:\/\/blogdorogeriogomes.com.br\/noticias\/wp-json\/wp\/v2\/posts\/13303\/revisions"}],"predecessor-version":[{"id":13305,"href":"https:\/\/blogdorogeriogomes.com.br\/noticias\/wp-json\/wp\/v2\/posts\/13303\/revisions\/13305"}],"wp:attachment":[{"href":"https:\/\/blogdorogeriogomes.com.br\/noticias\/wp-json\/wp\/v2\/media?parent=13303"}],"wp:term":[{"taxonomy":"category","embeddable":true,"href":"https:\/\/blogdorogeriogomes.com.br\/noticias\/wp-json\/wp\/v2\/categories?post=13303"},{"taxonomy":"post_tag","embeddable":true,"href":"https:\/\/blogdorogeriogomes.com.br\/noticias\/wp-json\/wp\/v2\/tags?post=13303"}],"curies":[{"name":"wp","href":"https:\/\/api.w.org\/{rel}","templated":true}]}}