{"id":13309,"date":"2019-07-12T09:03:45","date_gmt":"2019-07-12T09:03:45","guid":{"rendered":"http:\/\/blogdorogeriogomes.com.br\/?p=13309"},"modified":"2019-07-12T09:03:45","modified_gmt":"2019-07-12T09:03:45","slug":"deputados-federais-fazem-novas-mudancas-no-projeto-de-reforma-da-previdencia","status":"publish","type":"post","link":"https:\/\/blogdorogeriogomes.com.br\/noticias\/2019\/07\/deputados-federais-fazem-novas-mudancas-no-projeto-de-reforma-da-previdencia\/","title":{"rendered":"Deputados federais fazem novas mudan\u00e7as no projeto de reforma da Previd\u00eancia"},"content":{"rendered":"<p><img loading=\"lazy\" decoding=\"async\" class=\"alignnone size-medium wp-image-13310\" src=\"http:\/\/blogdorogeriogomes.com.br\/wp-content\/uploads\/2019\/07\/IMG_20190712_060004_038-300x200.jpg\" alt=\"IMG_20190712_060004_038\" width=\"300\" height=\"200\" srcset=\"https:\/\/blogdorogeriogomes.com.br\/noticias\/wp-content\/uploads\/2019\/07\/IMG_20190712_060004_038-300x200.jpg 300w, https:\/\/blogdorogeriogomes.com.br\/noticias\/wp-content\/uploads\/2019\/07\/IMG_20190712_060004_038-768x512.jpg 768w, https:\/\/blogdorogeriogomes.com.br\/noticias\/wp-content\/uploads\/2019\/07\/IMG_20190712_060004_038-1024x683.jpg 1024w, https:\/\/blogdorogeriogomes.com.br\/noticias\/wp-content\/uploads\/2019\/07\/IMG_20190712_060004_038.jpg 1140w\" sizes=\"auto, (max-width: 300px) 100vw, 300px\" \/><\/p>\n<p>Apesar de aprovada em primeiro turno, deputados federais continuam mexendo na proposta de reforma da Previd\u00eancia, atrav\u00e9s de destaques. Na madrugada desta sexta-feira, dia 12 de julho, foi feita uma nova altera\u00e7\u00e3o no plen\u00e1rio da C\u00e2mara dos Deputados, em Bras\u00edlia.<br \/>\nFoi aprovada uma mudan\u00e7a na reforma que reduz de 20 para 15 anos o tempo m\u00ednimo de contribui\u00e7\u00e3o ao Instituto Nacional do Seguro Social (INSS) para que homens possam se aposentar. A mesma redu\u00e7\u00e3o havia sido concedida \u00e0s mulheres na comiss\u00e3o especial da Casa. A altera\u00e7\u00e3o foi aprovada com 445 votos favor\u00e1veis.<br \/>\nAs mulheres ter\u00e3o direito de se aposentar com 100% do benef\u00edcio ap\u00f3s 35 anos de contribui\u00e7\u00e3o ao INSS, e n\u00e3o 40, como estabelecia a reforma da Previd\u00eancia. Para os homens, ser\u00e1 preciso contribuir por 40 anos para obter os 100% do benef\u00edcio.<br \/>\nHouve tamb\u00e9m mudan\u00e7a na idade m\u00ednima de aposentadoria para policiais, que era de 55 anos. Com a nova regra, policiais homens poder\u00e3o se aposentar aos 53 anos e mulheres, aos 52.<br \/>\nMesmo com as mudan\u00e7as, para ter direito \u00e0 aposentadoria os homens precisam atingir uma idade m\u00ednima de 65 anos e as mulheres, de 62 anos.<br \/>\nO Governo Federal est\u00e1 de \u201ccabelo em p\u00e9\u201d para que as altera\u00e7\u00f5es n\u00e3o venham desidratar ainda mais a expectativa de economia para os pr\u00f3ximos 10 anos, que j\u00e1 tinha ca\u00eddo de R$ 1 trilh\u00e3o para R$ 850 bilh\u00f5es de reais.<br \/>\nPara esta sexta-feira est\u00e1 prevista a vota\u00e7\u00e3o do projeto em segundo turno. Finalizada a vota\u00e7\u00e3o na C\u00e2mara, o texto ainda precisa ser apreciado pelo Senado, mas isto deve ficar para depois do recesso dos parlamentares, que vai de 18 de julho a 1\u00ba de agosto.<\/p>\n","protected":false},"excerpt":{"rendered":"<p>Apesar de aprovada em primeiro turno, deputados federais continuam mexendo na proposta de reforma da Previd\u00eancia, atrav\u00e9s de destaques. Na madrugada desta sexta-feira, dia 12 de julho, foi feita uma nova altera\u00e7\u00e3o no plen\u00e1rio da C\u00e2mara dos Deputados, em Bras\u00edlia. Foi aprovada uma mudan\u00e7a na reforma que reduz de 20 para 15 anos o tempo m\u00ednimo de contribui\u00e7\u00e3o ao Instituto Nacional do Seguro Social (INSS) para que homens possam se aposentar. A mesma redu\u00e7\u00e3o havia sido concedida \u00e0s mulheres&hellip;<\/p>\n","protected":false},"author":1,"featured_media":0,"comment_status":"open","ping_status":"open","sticky":false,"template":"","format":"standard","meta":{"footnotes":""},"categories":[1],"tags":[],"class_list":["post-13309","post","type-post","status-publish","format-standard","hentry","category-noticias"],"_links":{"self":[{"href":"https:\/\/blogdorogeriogomes.com.br\/noticias\/wp-json\/wp\/v2\/posts\/13309","targetHints":{"allow":["GET"]}}],"collection":[{"href":"https:\/\/blogdorogeriogomes.com.br\/noticias\/wp-json\/wp\/v2\/posts"}],"about":[{"href":"https:\/\/blogdorogeriogomes.com.br\/noticias\/wp-json\/wp\/v2\/types\/post"}],"author":[{"embeddable":true,"href":"https:\/\/blogdorogeriogomes.com.br\/noticias\/wp-json\/wp\/v2\/users\/1"}],"replies":[{"embeddable":true,"href":"https:\/\/blogdorogeriogomes.com.br\/noticias\/wp-json\/wp\/v2\/comments?post=13309"}],"version-history":[{"count":1,"href":"https:\/\/blogdorogeriogomes.com.br\/noticias\/wp-json\/wp\/v2\/posts\/13309\/revisions"}],"predecessor-version":[{"id":13311,"href":"https:\/\/blogdorogeriogomes.com.br\/noticias\/wp-json\/wp\/v2\/posts\/13309\/revisions\/13311"}],"wp:attachment":[{"href":"https:\/\/blogdorogeriogomes.com.br\/noticias\/wp-json\/wp\/v2\/media?parent=13309"}],"wp:term":[{"taxonomy":"category","embeddable":true,"href":"https:\/\/blogdorogeriogomes.com.br\/noticias\/wp-json\/wp\/v2\/categories?post=13309"},{"taxonomy":"post_tag","embeddable":true,"href":"https:\/\/blogdorogeriogomes.com.br\/noticias\/wp-json\/wp\/v2\/tags?post=13309"}],"curies":[{"name":"wp","href":"https:\/\/api.w.org\/{rel}","templated":true}]}}