{"id":13316,"date":"2019-07-13T16:30:40","date_gmt":"2019-07-13T16:30:40","guid":{"rendered":"http:\/\/blogdorogeriogomes.com.br\/?p=13316"},"modified":"2019-07-13T16:30:40","modified_gmt":"2019-07-13T16:30:40","slug":"votacao-em-segundo-turno-da-reforma-da-previdencia-fica-para-agosto-apos-recesso-parlamentar","status":"publish","type":"post","link":"https:\/\/blogdorogeriogomes.com.br\/noticias\/2019\/07\/votacao-em-segundo-turno-da-reforma-da-previdencia-fica-para-agosto-apos-recesso-parlamentar\/","title":{"rendered":"Vota\u00e7\u00e3o em segundo turno da reforma da Previd\u00eancia fica para agosto ap\u00f3s recesso parlamentar"},"content":{"rendered":"<p><img loading=\"lazy\" decoding=\"async\" class=\"alignnone size-medium wp-image-13317\" src=\"http:\/\/blogdorogeriogomes.com.br\/wp-content\/uploads\/2019\/07\/IMG_20190713_132008_475-300x170.jpg\" alt=\"IMG_20190713_132008_475\" width=\"300\" height=\"170\" srcset=\"https:\/\/blogdorogeriogomes.com.br\/noticias\/wp-content\/uploads\/2019\/07\/IMG_20190713_132008_475-300x170.jpg 300w, https:\/\/blogdorogeriogomes.com.br\/noticias\/wp-content\/uploads\/2019\/07\/IMG_20190713_132008_475-768x436.jpg 768w, https:\/\/blogdorogeriogomes.com.br\/noticias\/wp-content\/uploads\/2019\/07\/IMG_20190713_132008_475.jpg 800w\" sizes=\"auto, (max-width: 300px) 100vw, 300px\" \/><\/p>\n<p>A vota\u00e7\u00e3o em segundo turno da reforma da Previd\u00eancia, na C\u00e2mara dos Deputados, ficou para agosto ap\u00f3s o recesso parlamentar de julho. Ap\u00f3s dois dias de debate, os deputados federais encerraram a vota\u00e7\u00e3o dos pedidos de mudan\u00e7as e o texto da reforma da Previd\u00eancia voltou \u00e0 comiss\u00e3o especial da Casa, onde foi consolidado e aprovado.<br \/>\nAs mudan\u00e7as feitas pelos parlamentares incluem o tempo de contribui\u00e7\u00e3o ao INSS para homens se aposentarem que caiu de 20 para 15 anos; tamb\u00e9m caiu de 40 para 35 anos o tempo de contribui\u00e7\u00e3o para as mulheres terem direito a 100% do valor da aposentadoria; a idade m\u00ednima para policiais federais se aposentarem caiu para 53 (homens) e 52 (mulheres); aprovaram uma emenda para garantir a quem n\u00e3o t\u00eam renda formal, como emprego com carteira assinada, pelo menos um sal\u00e1rio m\u00ednimo de pens\u00e3o por morte; e foram aprovadas regras de transi\u00e7\u00e3o mais suaves para professores da ativa. Para eles, a idade m\u00ednima para aposentadoria baixou de 58 para 55 anos (homens) e de 55 para 52 anos (mulheres).<br \/>\nAgora, a proposta volta ao plen\u00e1rio da C\u00e2mara para o 2\u00ba turno de vota\u00e7\u00e3o, que deve acontecer em 6 de agosto. Na sequ\u00eancia, o texto ainda precisa ser apreciado pelo Senado. O presidente da C\u00e2mara, Rodrigo Maia, estimou que a proposta chegue ao Senado at\u00e9 9 de agosto.<br \/>\nA estimativa de economia para os pr\u00f3ximos 10 anos j\u00e1 sofreu uma desidrata\u00e7\u00e3o nos \u00faltimos dois dias. O Governo fala em economia de R$ 900 milh\u00f5es. Economistas distantes do Planalto avaliam em R$ 820 milh\u00f5es. \u00c9 esperar novas altera\u00e7\u00f5es que venham a acontecer no Senado.<\/p>\n","protected":false},"excerpt":{"rendered":"<p>A vota\u00e7\u00e3o em segundo turno da reforma da Previd\u00eancia, na C\u00e2mara dos Deputados, ficou para agosto ap\u00f3s o recesso parlamentar de julho. Ap\u00f3s dois dias de debate, os deputados federais encerraram a vota\u00e7\u00e3o dos pedidos de mudan\u00e7as e o texto da reforma da Previd\u00eancia voltou \u00e0 comiss\u00e3o especial da Casa, onde foi consolidado e aprovado. As mudan\u00e7as feitas pelos parlamentares incluem o tempo de contribui\u00e7\u00e3o ao INSS para homens se aposentarem que caiu de 20 para 15 anos; tamb\u00e9m&hellip;<\/p>\n","protected":false},"author":1,"featured_media":0,"comment_status":"open","ping_status":"open","sticky":false,"template":"","format":"standard","meta":{"footnotes":""},"categories":[1],"tags":[],"class_list":["post-13316","post","type-post","status-publish","format-standard","hentry","category-noticias"],"_links":{"self":[{"href":"https:\/\/blogdorogeriogomes.com.br\/noticias\/wp-json\/wp\/v2\/posts\/13316","targetHints":{"allow":["GET"]}}],"collection":[{"href":"https:\/\/blogdorogeriogomes.com.br\/noticias\/wp-json\/wp\/v2\/posts"}],"about":[{"href":"https:\/\/blogdorogeriogomes.com.br\/noticias\/wp-json\/wp\/v2\/types\/post"}],"author":[{"embeddable":true,"href":"https:\/\/blogdorogeriogomes.com.br\/noticias\/wp-json\/wp\/v2\/users\/1"}],"replies":[{"embeddable":true,"href":"https:\/\/blogdorogeriogomes.com.br\/noticias\/wp-json\/wp\/v2\/comments?post=13316"}],"version-history":[{"count":1,"href":"https:\/\/blogdorogeriogomes.com.br\/noticias\/wp-json\/wp\/v2\/posts\/13316\/revisions"}],"predecessor-version":[{"id":13318,"href":"https:\/\/blogdorogeriogomes.com.br\/noticias\/wp-json\/wp\/v2\/posts\/13316\/revisions\/13318"}],"wp:attachment":[{"href":"https:\/\/blogdorogeriogomes.com.br\/noticias\/wp-json\/wp\/v2\/media?parent=13316"}],"wp:term":[{"taxonomy":"category","embeddable":true,"href":"https:\/\/blogdorogeriogomes.com.br\/noticias\/wp-json\/wp\/v2\/categories?post=13316"},{"taxonomy":"post_tag","embeddable":true,"href":"https:\/\/blogdorogeriogomes.com.br\/noticias\/wp-json\/wp\/v2\/tags?post=13316"}],"curies":[{"name":"wp","href":"https:\/\/api.w.org\/{rel}","templated":true}]}}