{"id":13322,"date":"2019-07-15T11:20:21","date_gmt":"2019-07-15T11:20:21","guid":{"rendered":"http:\/\/blogdorogeriogomes.com.br\/?p=13322"},"modified":"2019-07-15T11:20:21","modified_gmt":"2019-07-15T11:20:21","slug":"psdb-busca-um-candidato-a-vice-para-concorrer-nas-eleicoes-municipais-em-fortaleza","status":"publish","type":"post","link":"https:\/\/blogdorogeriogomes.com.br\/noticias\/2019\/07\/psdb-busca-um-candidato-a-vice-para-concorrer-nas-eleicoes-municipais-em-fortaleza\/","title":{"rendered":"PSDB busca um candidato a vice para concorrer nas elei\u00e7\u00f5es municipais em Fortaleza"},"content":{"rendered":"<p><img loading=\"lazy\" decoding=\"async\" class=\"alignnone size-medium wp-image-13323\" src=\"http:\/\/blogdorogeriogomes.com.br\/wp-content\/uploads\/2019\/07\/IMG_20190715_072437_686-300x252.jpg\" alt=\"IMG_20190715_072437_686\" width=\"300\" height=\"252\" srcset=\"https:\/\/blogdorogeriogomes.com.br\/noticias\/wp-content\/uploads\/2019\/07\/IMG_20190715_072437_686-300x252.jpg 300w, https:\/\/blogdorogeriogomes.com.br\/noticias\/wp-content\/uploads\/2019\/07\/IMG_20190715_072437_686.jpg 440w\" sizes=\"auto, (max-width: 300px) 100vw, 300px\" \/><\/p>\n<p>O PSDB quer lan\u00e7ar uma chapa nas elei\u00e7\u00f5es municipais de 2020 em Fortaleza. O ex-deputado federal Carlos Matos aparece como pr\u00e9 candidato a prefeito da Capital. &#8220;Nossa vaga de vice-prefeito est\u00e1 desocupada. N\u00f3s n\u00e3o pretendemos colocar um vice do PSDB, n\u00f3s queremos dialogar com todos os partidos, porque n\u00e3o se faz um projeto pol\u00edtico com vigor sem alian\u00e7a&#8221;, afirma.<br \/>\nO tucano n\u00e3o descarta alian\u00e7as e critica partidos e pol\u00edticos que preferem adiar as discuss\u00f5es por raz\u00f5es estrat\u00e9gicas.<br \/>\nFalta, no entanto, saber qual o pensamento do senador Tasso Jereissati, que ainda \u00e9 a maior refer\u00eancia tucana no Estado.<\/p>\n","protected":false},"excerpt":{"rendered":"<p>O PSDB quer lan\u00e7ar uma chapa nas elei\u00e7\u00f5es municipais de 2020 em Fortaleza. O ex-deputado federal Carlos Matos aparece como pr\u00e9 candidato a prefeito da Capital. &#8220;Nossa vaga de vice-prefeito est\u00e1 desocupada. N\u00f3s n\u00e3o pretendemos colocar um vice do PSDB, n\u00f3s queremos dialogar com todos os partidos, porque n\u00e3o se faz um projeto pol\u00edtico com vigor sem alian\u00e7a&#8221;, afirma. O tucano n\u00e3o descarta alian\u00e7as e critica partidos e pol\u00edticos que preferem adiar as discuss\u00f5es por raz\u00f5es estrat\u00e9gicas. Falta, no&hellip;<\/p>\n","protected":false},"author":1,"featured_media":0,"comment_status":"open","ping_status":"open","sticky":false,"template":"","format":"standard","meta":{"footnotes":""},"categories":[1],"tags":[],"class_list":["post-13322","post","type-post","status-publish","format-standard","hentry","category-noticias"],"_links":{"self":[{"href":"https:\/\/blogdorogeriogomes.com.br\/noticias\/wp-json\/wp\/v2\/posts\/13322","targetHints":{"allow":["GET"]}}],"collection":[{"href":"https:\/\/blogdorogeriogomes.com.br\/noticias\/wp-json\/wp\/v2\/posts"}],"about":[{"href":"https:\/\/blogdorogeriogomes.com.br\/noticias\/wp-json\/wp\/v2\/types\/post"}],"author":[{"embeddable":true,"href":"https:\/\/blogdorogeriogomes.com.br\/noticias\/wp-json\/wp\/v2\/users\/1"}],"replies":[{"embeddable":true,"href":"https:\/\/blogdorogeriogomes.com.br\/noticias\/wp-json\/wp\/v2\/comments?post=13322"}],"version-history":[{"count":1,"href":"https:\/\/blogdorogeriogomes.com.br\/noticias\/wp-json\/wp\/v2\/posts\/13322\/revisions"}],"predecessor-version":[{"id":13324,"href":"https:\/\/blogdorogeriogomes.com.br\/noticias\/wp-json\/wp\/v2\/posts\/13322\/revisions\/13324"}],"wp:attachment":[{"href":"https:\/\/blogdorogeriogomes.com.br\/noticias\/wp-json\/wp\/v2\/media?parent=13322"}],"wp:term":[{"taxonomy":"category","embeddable":true,"href":"https:\/\/blogdorogeriogomes.com.br\/noticias\/wp-json\/wp\/v2\/categories?post=13322"},{"taxonomy":"post_tag","embeddable":true,"href":"https:\/\/blogdorogeriogomes.com.br\/noticias\/wp-json\/wp\/v2\/tags?post=13322"}],"curies":[{"name":"wp","href":"https:\/\/api.w.org\/{rel}","templated":true}]}}