{"id":13332,"date":"2019-07-16T08:18:34","date_gmt":"2019-07-16T08:18:34","guid":{"rendered":"http:\/\/blogdorogeriogomes.com.br\/?p=13332"},"modified":"2019-07-16T08:18:34","modified_gmt":"2019-07-16T08:18:34","slug":"deputados-cearenses-que-votaram-com-o-governo-federal-na-reforma-da-previdencia-devem-ser-contemplados-com-cargos","status":"publish","type":"post","link":"https:\/\/blogdorogeriogomes.com.br\/noticias\/2019\/07\/deputados-cearenses-que-votaram-com-o-governo-federal-na-reforma-da-previdencia-devem-ser-contemplados-com-cargos\/","title":{"rendered":"Deputados cearenses que votaram com o Governo Federal na reforma da Previd\u00eancia devem ser contemplados com cargos"},"content":{"rendered":"<p><img loading=\"lazy\" decoding=\"async\" class=\"alignnone size-medium wp-image-13333\" src=\"http:\/\/blogdorogeriogomes.com.br\/wp-content\/uploads\/2019\/07\/IMG_20190716_050946_798-300x194.jpg\" alt=\"IMG_20190716_050946_798\" width=\"300\" height=\"194\" srcset=\"https:\/\/blogdorogeriogomes.com.br\/noticias\/wp-content\/uploads\/2019\/07\/IMG_20190716_050946_798-300x194.jpg 300w, https:\/\/blogdorogeriogomes.com.br\/noticias\/wp-content\/uploads\/2019\/07\/IMG_20190716_050946_798-768x497.jpg 768w, https:\/\/blogdorogeriogomes.com.br\/noticias\/wp-content\/uploads\/2019\/07\/IMG_20190716_050946_798.jpg 1008w\" sizes=\"auto, (max-width: 300px) 100vw, 300px\" \/><\/p>\n<p>Os 11 parlamentares federais cearenses que votaram a favor da reforma da Previd\u00eancia em primeiro turno, na C\u00e2mara dos Deputados, dever\u00e3o ser contemplados com cargos federais no Estado. Al\u00e9m de j\u00e1 terem sido agraciados com a libera\u00e7\u00e3o de emendas parlamentares.<br \/>\nNa distribui\u00e7\u00e3o de cargos est\u00e3o \u00f3rg\u00e3os p\u00fablicos como Dnocs, Ibama e a Companhia Docas. O presidente Jair Bolsonaro afirma, desde o in\u00edcio do mandato, que n\u00e3o pratica \u201ctoma l\u00e1, d\u00e1 c\u00e1\u201d com o Congresso. Apesar do discurso, o que se viu na pr\u00e1tica, do in\u00edcio do m\u00eas de julho at\u00e9 o dia da vota\u00e7\u00e3o da reforma da Previd\u00eancia, foi o oposto. O Governo liberou mais de R$ 175 milh\u00f5es em emendas ao Cear\u00e1.<br \/>\nA sinaliza\u00e7\u00e3o de distribui\u00e7\u00e3o dos cargos aconteceu em reuni\u00e3o do ministro da Secretaria de Governo, general Luiz Eduardo Ramos, com os 11 deputados da bancada cearense que votaram a favor da reforma da Previd\u00eancia. S\u00e3o eles: Ant\u00f4nio Jos\u00e9 Albuquerque (PP), An\u00edbal Gomes (DEM), Domingos Neto (PSD), Jaziel Pereira (PL), Genecias Noronha (SD), Heitor Freire (PSL), J\u00fanior Mano (PL), Moses Rodrigues (MDB), Pedro Bezerra (PTB), Roberto Pessoa (PSDB) e Vaidon Oliveira (Pros).<\/p>\n","protected":false},"excerpt":{"rendered":"<p>Os 11 parlamentares federais cearenses que votaram a favor da reforma da Previd\u00eancia em primeiro turno, na C\u00e2mara dos Deputados, dever\u00e3o ser contemplados com cargos federais no Estado. Al\u00e9m de j\u00e1 terem sido agraciados com a libera\u00e7\u00e3o de emendas parlamentares. Na distribui\u00e7\u00e3o de cargos est\u00e3o \u00f3rg\u00e3os p\u00fablicos como Dnocs, Ibama e a Companhia Docas. O presidente Jair Bolsonaro afirma, desde o in\u00edcio do mandato, que n\u00e3o pratica \u201ctoma l\u00e1, d\u00e1 c\u00e1\u201d com o Congresso. Apesar do discurso, o que&hellip;<\/p>\n","protected":false},"author":1,"featured_media":0,"comment_status":"open","ping_status":"open","sticky":false,"template":"","format":"standard","meta":{"footnotes":""},"categories":[1],"tags":[],"class_list":["post-13332","post","type-post","status-publish","format-standard","hentry","category-noticias"],"_links":{"self":[{"href":"https:\/\/blogdorogeriogomes.com.br\/noticias\/wp-json\/wp\/v2\/posts\/13332","targetHints":{"allow":["GET"]}}],"collection":[{"href":"https:\/\/blogdorogeriogomes.com.br\/noticias\/wp-json\/wp\/v2\/posts"}],"about":[{"href":"https:\/\/blogdorogeriogomes.com.br\/noticias\/wp-json\/wp\/v2\/types\/post"}],"author":[{"embeddable":true,"href":"https:\/\/blogdorogeriogomes.com.br\/noticias\/wp-json\/wp\/v2\/users\/1"}],"replies":[{"embeddable":true,"href":"https:\/\/blogdorogeriogomes.com.br\/noticias\/wp-json\/wp\/v2\/comments?post=13332"}],"version-history":[{"count":1,"href":"https:\/\/blogdorogeriogomes.com.br\/noticias\/wp-json\/wp\/v2\/posts\/13332\/revisions"}],"predecessor-version":[{"id":13334,"href":"https:\/\/blogdorogeriogomes.com.br\/noticias\/wp-json\/wp\/v2\/posts\/13332\/revisions\/13334"}],"wp:attachment":[{"href":"https:\/\/blogdorogeriogomes.com.br\/noticias\/wp-json\/wp\/v2\/media?parent=13332"}],"wp:term":[{"taxonomy":"category","embeddable":true,"href":"https:\/\/blogdorogeriogomes.com.br\/noticias\/wp-json\/wp\/v2\/categories?post=13332"},{"taxonomy":"post_tag","embeddable":true,"href":"https:\/\/blogdorogeriogomes.com.br\/noticias\/wp-json\/wp\/v2\/tags?post=13332"}],"curies":[{"name":"wp","href":"https:\/\/api.w.org\/{rel}","templated":true}]}}