{"id":13335,"date":"2019-07-16T08:30:17","date_gmt":"2019-07-16T08:30:17","guid":{"rendered":"http:\/\/blogdorogeriogomes.com.br\/?p=13335"},"modified":"2019-07-16T08:30:17","modified_gmt":"2019-07-16T08:30:17","slug":"ministro-confirma-retorno-de-radares-em-rodovias-federais-do-pais","status":"publish","type":"post","link":"https:\/\/blogdorogeriogomes.com.br\/noticias\/2019\/07\/ministro-confirma-retorno-de-radares-em-rodovias-federais-do-pais\/","title":{"rendered":"Ministro confirma retorno de radares em rodovias federais do Pa\u00eds"},"content":{"rendered":"<p><img loading=\"lazy\" decoding=\"async\" class=\"alignnone size-medium wp-image-13336\" src=\"http:\/\/blogdorogeriogomes.com.br\/wp-content\/uploads\/2019\/07\/IMG_20190716_052753_845-300x220.jpg\" alt=\"IMG_20190716_052753_845\" width=\"300\" height=\"220\" srcset=\"https:\/\/blogdorogeriogomes.com.br\/noticias\/wp-content\/uploads\/2019\/07\/IMG_20190716_052753_845-300x220.jpg 300w, https:\/\/blogdorogeriogomes.com.br\/noticias\/wp-content\/uploads\/2019\/07\/IMG_20190716_052753_845-768x563.jpg 768w, https:\/\/blogdorogeriogomes.com.br\/noticias\/wp-content\/uploads\/2019\/07\/IMG_20190716_052753_845.jpg 819w\" sizes=\"auto, (max-width: 300px) 100vw, 300px\" \/><\/p>\n<p>O ministro da Infraestrutura, Tarc\u00edsio Gomes de Freitas, confirmou nesta segunda-feira, dia 15 de julho, que o Governo Federal fechou um acordo com o Minist\u00e9rio P\u00fablico Federal para instalar cerca de mil radares de velocidade em rodovias federais. O n\u00famero, por\u00e9m, \u00e9 o previsto somente na fase inicial.<br \/>\nO acordo, que ainda precisa ser homologado pela ju\u00edza Diana Wanderlei, da 5\u00aa Vara Federal em Bras\u00edlia, prev\u00ea que os equipamentos sejam colocados pelo Dnit (Departamento Nacional de Infraestrutura de Transportes), em uma primeira fase, em 2.278 faixas consideradas cr\u00edticas devido ao \u00edndice de acidentes.<br \/>\nO acordo foi firmado no \u00e2mbito de uma a\u00e7\u00e3o popular ajuizada pelo senador Fabiano Contarato (Rede-ES), que acabou encampada pelo Minist\u00e9rio P\u00fablico Federal. O que motivou o processo foi uma transmiss\u00e3o pelo Facebook, feita em mar\u00e7o deste ano, na qual o presidente Jair Bolsonaro prometeu extinguir os equipamentos.<\/p>\n","protected":false},"excerpt":{"rendered":"<p>O ministro da Infraestrutura, Tarc\u00edsio Gomes de Freitas, confirmou nesta segunda-feira, dia 15 de julho, que o Governo Federal fechou um acordo com o Minist\u00e9rio P\u00fablico Federal para instalar cerca de mil radares de velocidade em rodovias federais. O n\u00famero, por\u00e9m, \u00e9 o previsto somente na fase inicial. O acordo, que ainda precisa ser homologado pela ju\u00edza Diana Wanderlei, da 5\u00aa Vara Federal em Bras\u00edlia, prev\u00ea que os equipamentos sejam colocados pelo Dnit (Departamento Nacional de Infraestrutura de Transportes),&hellip;<\/p>\n","protected":false},"author":1,"featured_media":0,"comment_status":"open","ping_status":"open","sticky":false,"template":"","format":"standard","meta":{"footnotes":""},"categories":[1],"tags":[],"class_list":["post-13335","post","type-post","status-publish","format-standard","hentry","category-noticias"],"_links":{"self":[{"href":"https:\/\/blogdorogeriogomes.com.br\/noticias\/wp-json\/wp\/v2\/posts\/13335","targetHints":{"allow":["GET"]}}],"collection":[{"href":"https:\/\/blogdorogeriogomes.com.br\/noticias\/wp-json\/wp\/v2\/posts"}],"about":[{"href":"https:\/\/blogdorogeriogomes.com.br\/noticias\/wp-json\/wp\/v2\/types\/post"}],"author":[{"embeddable":true,"href":"https:\/\/blogdorogeriogomes.com.br\/noticias\/wp-json\/wp\/v2\/users\/1"}],"replies":[{"embeddable":true,"href":"https:\/\/blogdorogeriogomes.com.br\/noticias\/wp-json\/wp\/v2\/comments?post=13335"}],"version-history":[{"count":1,"href":"https:\/\/blogdorogeriogomes.com.br\/noticias\/wp-json\/wp\/v2\/posts\/13335\/revisions"}],"predecessor-version":[{"id":13337,"href":"https:\/\/blogdorogeriogomes.com.br\/noticias\/wp-json\/wp\/v2\/posts\/13335\/revisions\/13337"}],"wp:attachment":[{"href":"https:\/\/blogdorogeriogomes.com.br\/noticias\/wp-json\/wp\/v2\/media?parent=13335"}],"wp:term":[{"taxonomy":"category","embeddable":true,"href":"https:\/\/blogdorogeriogomes.com.br\/noticias\/wp-json\/wp\/v2\/categories?post=13335"},{"taxonomy":"post_tag","embeddable":true,"href":"https:\/\/blogdorogeriogomes.com.br\/noticias\/wp-json\/wp\/v2\/tags?post=13335"}],"curies":[{"name":"wp","href":"https:\/\/api.w.org\/{rel}","templated":true}]}}