{"id":13342,"date":"2019-07-16T20:07:20","date_gmt":"2019-07-16T20:07:20","guid":{"rendered":"http:\/\/blogdorogeriogomes.com.br\/?p=13342"},"modified":"2019-07-16T20:07:20","modified_gmt":"2019-07-16T20:07:20","slug":"toffoli-suspende-inqueritos-relacionados-a-flavio-bolsonaro-e-fabricio-queiroz","status":"publish","type":"post","link":"https:\/\/blogdorogeriogomes.com.br\/noticias\/2019\/07\/toffoli-suspende-inqueritos-relacionados-a-flavio-bolsonaro-e-fabricio-queiroz\/","title":{"rendered":"Toffoli suspende inqu\u00e9ritos relacionados a Fl\u00e1vio Bolsonaro e Fabr\u00edcio Queiroz"},"content":{"rendered":"<p><img loading=\"lazy\" decoding=\"async\" class=\"alignnone size-medium wp-image-13343\" src=\"http:\/\/blogdorogeriogomes.com.br\/wp-content\/uploads\/2019\/07\/IMG_20190716_165937_788-300x200.jpg\" alt=\"IMG_20190716_165937_788\" width=\"300\" height=\"200\" srcset=\"https:\/\/blogdorogeriogomes.com.br\/noticias\/wp-content\/uploads\/2019\/07\/IMG_20190716_165937_788-300x200.jpg 300w, https:\/\/blogdorogeriogomes.com.br\/noticias\/wp-content\/uploads\/2019\/07\/IMG_20190716_165937_788.jpg 768w\" sizes=\"auto, (max-width: 300px) 100vw, 300px\" \/><\/p>\n<p>O presidente do Supremo Tribunal Federal, Dias Toffoli, suspendeu os inqu\u00e9ritos que tramitam em todas as inst\u00e2ncias da Justi\u00e7a contra o senador do PSL do Rio de Janeiro, Fl\u00e1vio Bolsonaro, filho do presidente da Rep\u00fablica, Jair Bolsonaro.<br \/>\nA principal investiga\u00e7\u00e3o contra o senador partiu do Coaf (Conselho de Controle de Atividades Financeiras), respons\u00e1vel por relat\u00f3rios que levaram \u00e0 investiga\u00e7\u00e3o de Fl\u00e1vio Bolsonaro e envolve movimenta\u00e7\u00f5es financeiras at\u00edpicas de Fabr\u00edcio Queiroz, ex-assessor do senador.<br \/>\nA decis\u00e3o de Toffoli beneficia diretamente Fl\u00e1vio e paralisa a apura\u00e7\u00e3o que est\u00e1 sendo realizada pelo Minist\u00e9rio P\u00fablico do Rio de Janeiro e que envolve o ex-assessor Fabr\u00edcio Queiroz.<\/p>\n","protected":false},"excerpt":{"rendered":"<p>O presidente do Supremo Tribunal Federal, Dias Toffoli, suspendeu os inqu\u00e9ritos que tramitam em todas as inst\u00e2ncias da Justi\u00e7a contra o senador do PSL do Rio de Janeiro, Fl\u00e1vio Bolsonaro, filho do presidente da Rep\u00fablica, Jair Bolsonaro. A principal investiga\u00e7\u00e3o contra o senador partiu do Coaf (Conselho de Controle de Atividades Financeiras), respons\u00e1vel por relat\u00f3rios que levaram \u00e0 investiga\u00e7\u00e3o de Fl\u00e1vio Bolsonaro e envolve movimenta\u00e7\u00f5es financeiras at\u00edpicas de Fabr\u00edcio Queiroz, ex-assessor do senador. A decis\u00e3o de Toffoli beneficia diretamente&hellip;<\/p>\n","protected":false},"author":1,"featured_media":0,"comment_status":"open","ping_status":"open","sticky":false,"template":"","format":"standard","meta":{"footnotes":""},"categories":[1],"tags":[],"class_list":["post-13342","post","type-post","status-publish","format-standard","hentry","category-noticias"],"_links":{"self":[{"href":"https:\/\/blogdorogeriogomes.com.br\/noticias\/wp-json\/wp\/v2\/posts\/13342","targetHints":{"allow":["GET"]}}],"collection":[{"href":"https:\/\/blogdorogeriogomes.com.br\/noticias\/wp-json\/wp\/v2\/posts"}],"about":[{"href":"https:\/\/blogdorogeriogomes.com.br\/noticias\/wp-json\/wp\/v2\/types\/post"}],"author":[{"embeddable":true,"href":"https:\/\/blogdorogeriogomes.com.br\/noticias\/wp-json\/wp\/v2\/users\/1"}],"replies":[{"embeddable":true,"href":"https:\/\/blogdorogeriogomes.com.br\/noticias\/wp-json\/wp\/v2\/comments?post=13342"}],"version-history":[{"count":1,"href":"https:\/\/blogdorogeriogomes.com.br\/noticias\/wp-json\/wp\/v2\/posts\/13342\/revisions"}],"predecessor-version":[{"id":13344,"href":"https:\/\/blogdorogeriogomes.com.br\/noticias\/wp-json\/wp\/v2\/posts\/13342\/revisions\/13344"}],"wp:attachment":[{"href":"https:\/\/blogdorogeriogomes.com.br\/noticias\/wp-json\/wp\/v2\/media?parent=13342"}],"wp:term":[{"taxonomy":"category","embeddable":true,"href":"https:\/\/blogdorogeriogomes.com.br\/noticias\/wp-json\/wp\/v2\/categories?post=13342"},{"taxonomy":"post_tag","embeddable":true,"href":"https:\/\/blogdorogeriogomes.com.br\/noticias\/wp-json\/wp\/v2\/tags?post=13342"}],"curies":[{"name":"wp","href":"https:\/\/api.w.org\/{rel}","templated":true}]}}