{"id":13346,"date":"2019-07-17T08:22:21","date_gmt":"2019-07-17T08:22:21","guid":{"rendered":"http:\/\/blogdorogeriogomes.com.br\/?p=13346"},"modified":"2019-07-17T08:22:21","modified_gmt":"2019-07-17T08:22:21","slug":"porto-do-pecem-incrementa-exportacao-de-frutas-frescas-a-partir-de-agosto","status":"publish","type":"post","link":"https:\/\/blogdorogeriogomes.com.br\/noticias\/2019\/07\/porto-do-pecem-incrementa-exportacao-de-frutas-frescas-a-partir-de-agosto\/","title":{"rendered":"Porto do Pec\u00e9m incrementa exporta\u00e7\u00e3o de frutas frescas a partir de agosto"},"content":{"rendered":"<p><img loading=\"lazy\" decoding=\"async\" class=\"alignnone size-medium wp-image-13347\" src=\"http:\/\/blogdorogeriogomes.com.br\/wp-content\/uploads\/2019\/07\/IMG_20190717_051850_164-300x210.jpg\" alt=\"IMG_20190717_051850_164\" width=\"300\" height=\"210\" srcset=\"https:\/\/blogdorogeriogomes.com.br\/noticias\/wp-content\/uploads\/2019\/07\/IMG_20190717_051850_164-300x210.jpg 300w, https:\/\/blogdorogeriogomes.com.br\/noticias\/wp-content\/uploads\/2019\/07\/IMG_20190717_051850_164.jpg 618w\" sizes=\"auto, (max-width: 300px) 100vw, 300px\" \/><\/p>\n<p>O Porto do Pec\u00e9m incrementa agora em agosto as exporta\u00e7\u00f5es de frutas frescas referentes \u00e0 safra 2019\/2020. Neste\u00a0ano, as exporta\u00e7\u00f5es ser\u00e3o iniciadas a partir de 16 de agosto e devem prosseguir at\u00e9 fevereiro de 2020. Ser\u00e3o exportadas, pelo Porto do Pec\u00e9m, principalmente o mel\u00e3o, produzido no Cear\u00e1 e no Rio Grande do Norte; e a manga e a uva, produzidas no Vale do Rio S\u00e3o Francisco.<br \/>\nAl\u00e9m das tradicionais linhas para Estados Unidos e Norte da Europa, a partir da \u00faltima semana de setembro uma nova linha da MSC \u2013 Mediterranean Shipping Company passa a operar saindo do Porto do Pec\u00e9m em dire\u00e7\u00e3o a portos localizados na Espanha e na It\u00e1lia.<br \/>\nA linha direta para o Mar Mediterr\u00e2neo far\u00e1 sua primeira escala em Val\u00eancia (9 dias) e depois seguir\u00e1 para Barcelona (11 dias); Genova (13 dias); Livorno (15 dias); e Gioia Tauro (16 dias). O novo servi\u00e7o vai permitir ainda o transbordo (conex\u00e3o) dos cont\u00eaineres de frutas para portos de pa\u00edses no Oriente M\u00e9dio.<\/p>\n","protected":false},"excerpt":{"rendered":"<p>O Porto do Pec\u00e9m incrementa agora em agosto as exporta\u00e7\u00f5es de frutas frescas referentes \u00e0 safra 2019\/2020. Neste\u00a0ano, as exporta\u00e7\u00f5es ser\u00e3o iniciadas a partir de 16 de agosto e devem prosseguir at\u00e9 fevereiro de 2020. Ser\u00e3o exportadas, pelo Porto do Pec\u00e9m, principalmente o mel\u00e3o, produzido no Cear\u00e1 e no Rio Grande do Norte; e a manga e a uva, produzidas no Vale do Rio S\u00e3o Francisco. Al\u00e9m das tradicionais linhas para Estados Unidos e Norte da Europa, a partir&hellip;<\/p>\n","protected":false},"author":1,"featured_media":0,"comment_status":"open","ping_status":"open","sticky":false,"template":"","format":"standard","meta":{"footnotes":""},"categories":[1],"tags":[],"class_list":["post-13346","post","type-post","status-publish","format-standard","hentry","category-noticias"],"_links":{"self":[{"href":"https:\/\/blogdorogeriogomes.com.br\/noticias\/wp-json\/wp\/v2\/posts\/13346","targetHints":{"allow":["GET"]}}],"collection":[{"href":"https:\/\/blogdorogeriogomes.com.br\/noticias\/wp-json\/wp\/v2\/posts"}],"about":[{"href":"https:\/\/blogdorogeriogomes.com.br\/noticias\/wp-json\/wp\/v2\/types\/post"}],"author":[{"embeddable":true,"href":"https:\/\/blogdorogeriogomes.com.br\/noticias\/wp-json\/wp\/v2\/users\/1"}],"replies":[{"embeddable":true,"href":"https:\/\/blogdorogeriogomes.com.br\/noticias\/wp-json\/wp\/v2\/comments?post=13346"}],"version-history":[{"count":1,"href":"https:\/\/blogdorogeriogomes.com.br\/noticias\/wp-json\/wp\/v2\/posts\/13346\/revisions"}],"predecessor-version":[{"id":13348,"href":"https:\/\/blogdorogeriogomes.com.br\/noticias\/wp-json\/wp\/v2\/posts\/13346\/revisions\/13348"}],"wp:attachment":[{"href":"https:\/\/blogdorogeriogomes.com.br\/noticias\/wp-json\/wp\/v2\/media?parent=13346"}],"wp:term":[{"taxonomy":"category","embeddable":true,"href":"https:\/\/blogdorogeriogomes.com.br\/noticias\/wp-json\/wp\/v2\/categories?post=13346"},{"taxonomy":"post_tag","embeddable":true,"href":"https:\/\/blogdorogeriogomes.com.br\/noticias\/wp-json\/wp\/v2\/tags?post=13346"}],"curies":[{"name":"wp","href":"https:\/\/api.w.org\/{rel}","templated":true}]}}