{"id":13352,"date":"2019-07-17T08:35:36","date_gmt":"2019-07-17T08:35:36","guid":{"rendered":"http:\/\/blogdorogeriogomes.com.br\/?p=13352"},"modified":"2019-07-17T08:35:36","modified_gmt":"2019-07-17T08:35:36","slug":"prefeito-roberto-claudio-sera-homenageado-com-o-trofeu-clovis-rolim-2019","status":"publish","type":"post","link":"https:\/\/blogdorogeriogomes.com.br\/noticias\/2019\/07\/prefeito-roberto-claudio-sera-homenageado-com-o-trofeu-clovis-rolim-2019\/","title":{"rendered":"Prefeito Roberto Cl\u00e1udio ser\u00e1 homenageado com o Trof\u00e9u Cl\u00f3vis Rolim 2019"},"content":{"rendered":"<p><img loading=\"lazy\" decoding=\"async\" class=\"alignnone size-medium wp-image-13354\" src=\"http:\/\/blogdorogeriogomes.com.br\/wp-content\/uploads\/2019\/07\/09072019719680900-1-300x219.png\" alt=\"09072019719680900\" width=\"300\" height=\"219\" srcset=\"https:\/\/blogdorogeriogomes.com.br\/noticias\/wp-content\/uploads\/2019\/07\/09072019719680900-1-300x219.png 300w, https:\/\/blogdorogeriogomes.com.br\/noticias\/wp-content\/uploads\/2019\/07\/09072019719680900-1.png 550w\" sizes=\"auto, (max-width: 300px) 100vw, 300px\" \/><br \/>\nO prefeito de Fortaleza, Roberto Cl\u00e1udio, ser\u00e1 condecorado com o Trof\u00e9u Cl\u00f3vis Rolim 2019, principal comenda do com\u00e9rcio cearense, outorgada pela Federa\u00e7\u00e3o das C\u00e2maras de Dirigentes Lojistas do Cear\u00e1 (FCDL-CE).<br \/>\nA homenagem ser\u00e1 entregue nesta quinta-feira, dia 18 de julho, durante solenidade para convidados no Theatro Jos\u00e9 de Alencar.<br \/>\nO an\u00fancio foi realizado pelo presidente da FCDL, Freitas Cordeiro, durante audi\u00eancia com o prefeito Roberto Cl\u00e1udio da qual tamb\u00e9m participaram o presidente da CDL Fortaleza, Assis Cavalcante, e do ex-presidente da FCDL, Hon\u00f3rio Pinheiro.<br \/>\nCriado em 1985, o Trof\u00e9u leva o nome do l\u00edder lojista Cl\u00f3vis Rolim, cujo trabalho impactou positivamente o com\u00e9rcio no estado do Cear\u00e1 e as CDLs.<br \/>\nO prefeito Roberto Cl\u00e1udio tamb\u00e9m vem se evidenciando em categorias como educa\u00e7\u00e3o, turismo e gest\u00e3o e transpar\u00eancia, com pr\u00eamios como o Escola Nota Dez do Governo do Estado do Cear\u00e1 (2017, 2018 e 2019); o Trof\u00e9u C\u00e9sar Cals de Turismo (2017) e primeiro lugar na Escala Brasil Transparente da Controladoria Geral da Uni\u00e3o (CGU).<\/p>\n","protected":false},"excerpt":{"rendered":"<p>O prefeito de Fortaleza, Roberto Cl\u00e1udio, ser\u00e1 condecorado com o Trof\u00e9u Cl\u00f3vis Rolim 2019, principal comenda do com\u00e9rcio cearense, outorgada pela Federa\u00e7\u00e3o das C\u00e2maras de Dirigentes Lojistas do Cear\u00e1 (FCDL-CE). A homenagem ser\u00e1 entregue nesta quinta-feira, dia 18 de julho, durante solenidade para convidados no Theatro Jos\u00e9 de Alencar. O an\u00fancio foi realizado pelo presidente da FCDL, Freitas Cordeiro, durante audi\u00eancia com o prefeito Roberto Cl\u00e1udio da qual tamb\u00e9m participaram o presidente da CDL Fortaleza, Assis Cavalcante, e do&hellip;<\/p>\n","protected":false},"author":1,"featured_media":0,"comment_status":"open","ping_status":"open","sticky":false,"template":"","format":"standard","meta":{"footnotes":""},"categories":[1],"tags":[],"class_list":["post-13352","post","type-post","status-publish","format-standard","hentry","category-noticias"],"_links":{"self":[{"href":"https:\/\/blogdorogeriogomes.com.br\/noticias\/wp-json\/wp\/v2\/posts\/13352","targetHints":{"allow":["GET"]}}],"collection":[{"href":"https:\/\/blogdorogeriogomes.com.br\/noticias\/wp-json\/wp\/v2\/posts"}],"about":[{"href":"https:\/\/blogdorogeriogomes.com.br\/noticias\/wp-json\/wp\/v2\/types\/post"}],"author":[{"embeddable":true,"href":"https:\/\/blogdorogeriogomes.com.br\/noticias\/wp-json\/wp\/v2\/users\/1"}],"replies":[{"embeddable":true,"href":"https:\/\/blogdorogeriogomes.com.br\/noticias\/wp-json\/wp\/v2\/comments?post=13352"}],"version-history":[{"count":1,"href":"https:\/\/blogdorogeriogomes.com.br\/noticias\/wp-json\/wp\/v2\/posts\/13352\/revisions"}],"predecessor-version":[{"id":13355,"href":"https:\/\/blogdorogeriogomes.com.br\/noticias\/wp-json\/wp\/v2\/posts\/13352\/revisions\/13355"}],"wp:attachment":[{"href":"https:\/\/blogdorogeriogomes.com.br\/noticias\/wp-json\/wp\/v2\/media?parent=13352"}],"wp:term":[{"taxonomy":"category","embeddable":true,"href":"https:\/\/blogdorogeriogomes.com.br\/noticias\/wp-json\/wp\/v2\/categories?post=13352"},{"taxonomy":"post_tag","embeddable":true,"href":"https:\/\/blogdorogeriogomes.com.br\/noticias\/wp-json\/wp\/v2\/tags?post=13352"}],"curies":[{"name":"wp","href":"https:\/\/api.w.org\/{rel}","templated":true}]}}