{"id":13356,"date":"2019-07-17T20:35:01","date_gmt":"2019-07-17T20:35:01","guid":{"rendered":"http:\/\/blogdorogeriogomes.com.br\/?p=13356"},"modified":"2019-07-17T20:35:01","modified_gmt":"2019-07-17T20:35:01","slug":"secretaria-de-administracao-penitenciaria-do-ceara-ganha-nova-frota-de-veiculos","status":"publish","type":"post","link":"https:\/\/blogdorogeriogomes.com.br\/noticias\/2019\/07\/secretaria-de-administracao-penitenciaria-do-ceara-ganha-nova-frota-de-veiculos\/","title":{"rendered":"Secretaria de Administra\u00e7\u00e3o Penitenci\u00e1ria do Cear\u00e1 ganha nova frota de ve\u00edculos"},"content":{"rendered":"<p><img loading=\"lazy\" decoding=\"async\" class=\"alignnone size-medium wp-image-13357\" src=\"http:\/\/blogdorogeriogomes.com.br\/wp-content\/uploads\/2019\/07\/IMG_20190717_172916_982-300x255.jpg\" alt=\"IMG_20190717_172916_982\" width=\"300\" height=\"255\" srcset=\"https:\/\/blogdorogeriogomes.com.br\/noticias\/wp-content\/uploads\/2019\/07\/IMG_20190717_172916_982-300x255.jpg 300w, https:\/\/blogdorogeriogomes.com.br\/noticias\/wp-content\/uploads\/2019\/07\/IMG_20190717_172916_982.jpg 720w\" sizes=\"auto, (max-width: 300px) 100vw, 300px\" \/><\/p>\n<p>O governador do Cear\u00e1, Camilo Santana, entrega nesta quinta-feira, dia 18 de julho, a nova frota de ve\u00edculos da Secretaria da Administra\u00e7\u00e3o Penitenci\u00e1ria. S\u00e3o 85 viaturas equipadas para escoltas, rondas e opera\u00e7\u00f5es penitenci\u00e1rias em todas as regi\u00f5es do Estado. Os primeiros 50 carros ser\u00e3o entregues em solenidade, no Gin\u00e1sio da Parangaba, com a presen\u00e7a tamb\u00e9m do secret\u00e1rio Mauro Albuquerque.<br \/>\nAs viaturas ser\u00e3o distribu\u00eddas em 17 grandes unidades prisionais, 13 cadeias p\u00fablicas masculinas e duas cadeias p\u00fablicas femininas. A Secretaria da Administra\u00e7\u00e3o Penitenci\u00e1ria reunir\u00e1 33 carros, com um total de seis ve\u00edculos descaracterizados. Tamb\u00e9m ser\u00e3o enviadas viaturas para o Grupo de Apoio Penitenci\u00e1rio e para o Grupo de Opera\u00e7\u00f5es Regionais. A partir de recursos do fundo penitenci\u00e1rio, a SAP tamb\u00e9m adquiriu cinco ambul\u00e2ncias penitenci\u00e1rias.<\/p>\n","protected":false},"excerpt":{"rendered":"<p>O governador do Cear\u00e1, Camilo Santana, entrega nesta quinta-feira, dia 18 de julho, a nova frota de ve\u00edculos da Secretaria da Administra\u00e7\u00e3o Penitenci\u00e1ria. S\u00e3o 85 viaturas equipadas para escoltas, rondas e opera\u00e7\u00f5es penitenci\u00e1rias em todas as regi\u00f5es do Estado. Os primeiros 50 carros ser\u00e3o entregues em solenidade, no Gin\u00e1sio da Parangaba, com a presen\u00e7a tamb\u00e9m do secret\u00e1rio Mauro Albuquerque. As viaturas ser\u00e3o distribu\u00eddas em 17 grandes unidades prisionais, 13 cadeias p\u00fablicas masculinas e duas cadeias p\u00fablicas femininas. A Secretaria&hellip;<\/p>\n","protected":false},"author":1,"featured_media":0,"comment_status":"open","ping_status":"open","sticky":false,"template":"","format":"standard","meta":{"footnotes":""},"categories":[1],"tags":[],"class_list":["post-13356","post","type-post","status-publish","format-standard","hentry","category-noticias"],"_links":{"self":[{"href":"https:\/\/blogdorogeriogomes.com.br\/noticias\/wp-json\/wp\/v2\/posts\/13356","targetHints":{"allow":["GET"]}}],"collection":[{"href":"https:\/\/blogdorogeriogomes.com.br\/noticias\/wp-json\/wp\/v2\/posts"}],"about":[{"href":"https:\/\/blogdorogeriogomes.com.br\/noticias\/wp-json\/wp\/v2\/types\/post"}],"author":[{"embeddable":true,"href":"https:\/\/blogdorogeriogomes.com.br\/noticias\/wp-json\/wp\/v2\/users\/1"}],"replies":[{"embeddable":true,"href":"https:\/\/blogdorogeriogomes.com.br\/noticias\/wp-json\/wp\/v2\/comments?post=13356"}],"version-history":[{"count":1,"href":"https:\/\/blogdorogeriogomes.com.br\/noticias\/wp-json\/wp\/v2\/posts\/13356\/revisions"}],"predecessor-version":[{"id":13358,"href":"https:\/\/blogdorogeriogomes.com.br\/noticias\/wp-json\/wp\/v2\/posts\/13356\/revisions\/13358"}],"wp:attachment":[{"href":"https:\/\/blogdorogeriogomes.com.br\/noticias\/wp-json\/wp\/v2\/media?parent=13356"}],"wp:term":[{"taxonomy":"category","embeddable":true,"href":"https:\/\/blogdorogeriogomes.com.br\/noticias\/wp-json\/wp\/v2\/categories?post=13356"},{"taxonomy":"post_tag","embeddable":true,"href":"https:\/\/blogdorogeriogomes.com.br\/noticias\/wp-json\/wp\/v2\/tags?post=13356"}],"curies":[{"name":"wp","href":"https:\/\/api.w.org\/{rel}","templated":true}]}}