{"id":13369,"date":"2019-07-18T20:40:09","date_gmt":"2019-07-18T20:40:09","guid":{"rendered":"http:\/\/blogdorogeriogomes.com.br\/?p=13369"},"modified":"2019-07-18T20:40:09","modified_gmt":"2019-07-18T20:40:09","slug":"presidente-bolsonaro-assina-mp-para-manutencao-de-servidores-na-defensoria-publica-da-uniao","status":"publish","type":"post","link":"https:\/\/blogdorogeriogomes.com.br\/noticias\/2019\/07\/presidente-bolsonaro-assina-mp-para-manutencao-de-servidores-na-defensoria-publica-da-uniao\/","title":{"rendered":"Presidente Bolsonaro assina MP para manuten\u00e7\u00e3o de servidores na Defensoria P\u00fablica da Uni\u00e3o"},"content":{"rendered":"<p><img loading=\"lazy\" decoding=\"async\" class=\"alignnone size-medium wp-image-13370\" src=\"http:\/\/blogdorogeriogomes.com.br\/wp-content\/uploads\/2019\/07\/IMG_20190718_173558_072-300x225.jpg\" alt=\"IMG_20190718_173558_072\" width=\"300\" height=\"225\" srcset=\"https:\/\/blogdorogeriogomes.com.br\/noticias\/wp-content\/uploads\/2019\/07\/IMG_20190718_173558_072-300x225.jpg 300w, https:\/\/blogdorogeriogomes.com.br\/noticias\/wp-content\/uploads\/2019\/07\/IMG_20190718_173558_072-768x576.jpg 768w, https:\/\/blogdorogeriogomes.com.br\/noticias\/wp-content\/uploads\/2019\/07\/IMG_20190718_173558_072-1024x768.jpg 1024w, https:\/\/blogdorogeriogomes.com.br\/noticias\/wp-content\/uploads\/2019\/07\/IMG_20190718_173558_072.jpg 1280w\" sizes=\"auto, (max-width: 300px) 100vw, 300px\" \/><\/p>\n<p>O presidente da Rep\u00fablica, Jair Messias Bolsonaro, assinou Medida Provis\u00f3ria para manuten\u00e7\u00e3o na Defensoria P\u00fablica da Uni\u00e3o (DPU) dos 819 servidores requisitados do Poder Executivo Federal. A assinatura ocorreu nesta quinta-feira, dia 18 de julho, em Bras\u00edlia.<br \/>\nA decis\u00e3o assegura o funcionamento de todas as 43 unidades da DPU, que corriam o risco de fechamento caso os servidores requisitados, respons\u00e1veis por 2\/3 da for\u00e7a de trabalho administrativa da Defensoria, tivessem que voltar aos \u00f3rg\u00e3os de origem a partir de 27 de julho. No Cear\u00e1, o escrit\u00f3rio de Sobral estava amea\u00e7ado de fechamento.<br \/>\n&#8220;A edi\u00e7\u00e3o da Medida Provis\u00f3ria garante a manuten\u00e7\u00e3o dos servidores requisitados e viabiliza que o Congresso Nacional discuta e resolva sobre a carreira de apoio da DPU, proporcionando mais estabilidade \u00e0 institui\u00e7\u00e3o&#8221;, avalia o defensor p\u00fablico federal Eduardo Negreiros, chefe da Defensoria P\u00fablica da Uni\u00e3o no Cear\u00e1 (DPU\/CE).<\/p>\n","protected":false},"excerpt":{"rendered":"<p>O presidente da Rep\u00fablica, Jair Messias Bolsonaro, assinou Medida Provis\u00f3ria para manuten\u00e7\u00e3o na Defensoria P\u00fablica da Uni\u00e3o (DPU) dos 819 servidores requisitados do Poder Executivo Federal. A assinatura ocorreu nesta quinta-feira, dia 18 de julho, em Bras\u00edlia. A decis\u00e3o assegura o funcionamento de todas as 43 unidades da DPU, que corriam o risco de fechamento caso os servidores requisitados, respons\u00e1veis por 2\/3 da for\u00e7a de trabalho administrativa da Defensoria, tivessem que voltar aos \u00f3rg\u00e3os de origem a partir de&hellip;<\/p>\n","protected":false},"author":1,"featured_media":0,"comment_status":"open","ping_status":"open","sticky":false,"template":"","format":"standard","meta":{"footnotes":""},"categories":[1],"tags":[],"class_list":["post-13369","post","type-post","status-publish","format-standard","hentry","category-noticias"],"_links":{"self":[{"href":"https:\/\/blogdorogeriogomes.com.br\/noticias\/wp-json\/wp\/v2\/posts\/13369","targetHints":{"allow":["GET"]}}],"collection":[{"href":"https:\/\/blogdorogeriogomes.com.br\/noticias\/wp-json\/wp\/v2\/posts"}],"about":[{"href":"https:\/\/blogdorogeriogomes.com.br\/noticias\/wp-json\/wp\/v2\/types\/post"}],"author":[{"embeddable":true,"href":"https:\/\/blogdorogeriogomes.com.br\/noticias\/wp-json\/wp\/v2\/users\/1"}],"replies":[{"embeddable":true,"href":"https:\/\/blogdorogeriogomes.com.br\/noticias\/wp-json\/wp\/v2\/comments?post=13369"}],"version-history":[{"count":1,"href":"https:\/\/blogdorogeriogomes.com.br\/noticias\/wp-json\/wp\/v2\/posts\/13369\/revisions"}],"predecessor-version":[{"id":13371,"href":"https:\/\/blogdorogeriogomes.com.br\/noticias\/wp-json\/wp\/v2\/posts\/13369\/revisions\/13371"}],"wp:attachment":[{"href":"https:\/\/blogdorogeriogomes.com.br\/noticias\/wp-json\/wp\/v2\/media?parent=13369"}],"wp:term":[{"taxonomy":"category","embeddable":true,"href":"https:\/\/blogdorogeriogomes.com.br\/noticias\/wp-json\/wp\/v2\/categories?post=13369"},{"taxonomy":"post_tag","embeddable":true,"href":"https:\/\/blogdorogeriogomes.com.br\/noticias\/wp-json\/wp\/v2\/tags?post=13369"}],"curies":[{"name":"wp","href":"https:\/\/api.w.org\/{rel}","templated":true}]}}