{"id":13372,"date":"2019-07-18T23:36:07","date_gmt":"2019-07-18T23:36:07","guid":{"rendered":"http:\/\/blogdorogeriogomes.com.br\/?p=13372"},"modified":"2019-07-18T23:36:07","modified_gmt":"2019-07-18T23:36:07","slug":"pressao-do-setor-da-construcao-civil-adia-anuncio-da-liberacao-de-saques-do-fgts-pelo-governo","status":"publish","type":"post","link":"https:\/\/blogdorogeriogomes.com.br\/noticias\/2019\/07\/pressao-do-setor-da-construcao-civil-adia-anuncio-da-liberacao-de-saques-do-fgts-pelo-governo\/","title":{"rendered":"Press\u00e3o do setor da constru\u00e7\u00e3o civil adia an\u00fancio da libera\u00e7\u00e3o de saques do FGTS pelo Governo"},"content":{"rendered":"<p><img loading=\"lazy\" decoding=\"async\" class=\"alignnone size-medium wp-image-13373\" src=\"http:\/\/blogdorogeriogomes.com.br\/wp-content\/uploads\/2019\/07\/IMG_20190718_203250_585-300x287.jpg\" alt=\"IMG_20190718_203250_585\" width=\"300\" height=\"287\" srcset=\"https:\/\/blogdorogeriogomes.com.br\/noticias\/wp-content\/uploads\/2019\/07\/IMG_20190718_203250_585-300x287.jpg 300w, https:\/\/blogdorogeriogomes.com.br\/noticias\/wp-content\/uploads\/2019\/07\/IMG_20190718_203250_585.jpg 352w\" sizes=\"auto, (max-width: 300px) 100vw, 300px\" \/><\/p>\n<p>A press\u00e3o do setor da constru\u00e7\u00e3o civil deu resultado e o Governo Federal resolveu adiar o an\u00fancio da libera\u00e7\u00e3o dos saques do FGTS, que deveria ter acontecido nesta quinta-feira, dia 18 de julho.<br \/>\nRepresentantes do setor, liderados pela C\u00e2mara Brasileira da Ind\u00fastria e Constru\u00e7\u00e3o, reclamaram que n\u00e3o tinham sido consultados pelo Minist\u00e9rio da Economia sobre as mudan\u00e7as que, para eles, poder\u00e3o agravar ainda mais a situa\u00e7\u00e3o financeira das empresas do ramo.<br \/>\nO ministro da Casa Civil, Onyx Lorenzoni, afirmou que a nova libera\u00e7\u00e3o de saques do FGTS (Fundo de Garantia do Tempo de Servi\u00e7o) ser\u00e1 apresentada na pr\u00f3xima quarta-feira, dia 24, e que a medida n\u00e3o ter\u00e1 impacto no financiamento de casas populares.<br \/>\nO Pal\u00e1cio do Planalto n\u00e3o conseguiu chegar a um modelo final sobre o que e quanto poderia ser liberado.<\/p>\n","protected":false},"excerpt":{"rendered":"<p>A press\u00e3o do setor da constru\u00e7\u00e3o civil deu resultado e o Governo Federal resolveu adiar o an\u00fancio da libera\u00e7\u00e3o dos saques do FGTS, que deveria ter acontecido nesta quinta-feira, dia 18 de julho. Representantes do setor, liderados pela C\u00e2mara Brasileira da Ind\u00fastria e Constru\u00e7\u00e3o, reclamaram que n\u00e3o tinham sido consultados pelo Minist\u00e9rio da Economia sobre as mudan\u00e7as que, para eles, poder\u00e3o agravar ainda mais a situa\u00e7\u00e3o financeira das empresas do ramo. O ministro da Casa Civil, Onyx Lorenzoni, afirmou&hellip;<\/p>\n","protected":false},"author":1,"featured_media":0,"comment_status":"open","ping_status":"open","sticky":false,"template":"","format":"standard","meta":{"footnotes":""},"categories":[1],"tags":[],"class_list":["post-13372","post","type-post","status-publish","format-standard","hentry","category-noticias"],"_links":{"self":[{"href":"https:\/\/blogdorogeriogomes.com.br\/noticias\/wp-json\/wp\/v2\/posts\/13372","targetHints":{"allow":["GET"]}}],"collection":[{"href":"https:\/\/blogdorogeriogomes.com.br\/noticias\/wp-json\/wp\/v2\/posts"}],"about":[{"href":"https:\/\/blogdorogeriogomes.com.br\/noticias\/wp-json\/wp\/v2\/types\/post"}],"author":[{"embeddable":true,"href":"https:\/\/blogdorogeriogomes.com.br\/noticias\/wp-json\/wp\/v2\/users\/1"}],"replies":[{"embeddable":true,"href":"https:\/\/blogdorogeriogomes.com.br\/noticias\/wp-json\/wp\/v2\/comments?post=13372"}],"version-history":[{"count":1,"href":"https:\/\/blogdorogeriogomes.com.br\/noticias\/wp-json\/wp\/v2\/posts\/13372\/revisions"}],"predecessor-version":[{"id":13374,"href":"https:\/\/blogdorogeriogomes.com.br\/noticias\/wp-json\/wp\/v2\/posts\/13372\/revisions\/13374"}],"wp:attachment":[{"href":"https:\/\/blogdorogeriogomes.com.br\/noticias\/wp-json\/wp\/v2\/media?parent=13372"}],"wp:term":[{"taxonomy":"category","embeddable":true,"href":"https:\/\/blogdorogeriogomes.com.br\/noticias\/wp-json\/wp\/v2\/categories?post=13372"},{"taxonomy":"post_tag","embeddable":true,"href":"https:\/\/blogdorogeriogomes.com.br\/noticias\/wp-json\/wp\/v2\/tags?post=13372"}],"curies":[{"name":"wp","href":"https:\/\/api.w.org\/{rel}","templated":true}]}}