{"id":13375,"date":"2019-07-19T10:00:52","date_gmt":"2019-07-19T10:00:52","guid":{"rendered":"http:\/\/blogdorogeriogomes.com.br\/?p=13375"},"modified":"2019-07-19T10:00:52","modified_gmt":"2019-07-19T10:00:52","slug":"prefeitos-do-interior-do-ceara-discutem-na-al-dificuldades-para-manter-gestao-fiscal","status":"publish","type":"post","link":"https:\/\/blogdorogeriogomes.com.br\/noticias\/2019\/07\/prefeitos-do-interior-do-ceara-discutem-na-al-dificuldades-para-manter-gestao-fiscal\/","title":{"rendered":"Prefeitos do interior do Cear\u00e1 discutem na AL dificuldades para manter gest\u00e3o fiscal"},"content":{"rendered":"<p><img loading=\"lazy\" decoding=\"async\" class=\"alignnone size-medium wp-image-13376\" src=\"http:\/\/blogdorogeriogomes.com.br\/wp-content\/uploads\/2019\/07\/IMG_20190719_065412_581-300x200.jpg\" alt=\"IMG_20190719_065412_581\" width=\"300\" height=\"200\" srcset=\"https:\/\/blogdorogeriogomes.com.br\/noticias\/wp-content\/uploads\/2019\/07\/IMG_20190719_065412_581-300x200.jpg 300w, https:\/\/blogdorogeriogomes.com.br\/noticias\/wp-content\/uploads\/2019\/07\/IMG_20190719_065412_581-768x512.jpg 768w, https:\/\/blogdorogeriogomes.com.br\/noticias\/wp-content\/uploads\/2019\/07\/IMG_20190719_065412_581-1024x682.jpg 1024w, https:\/\/blogdorogeriogomes.com.br\/noticias\/wp-content\/uploads\/2019\/07\/IMG_20190719_065412_581.jpg 1280w\" sizes=\"auto, (max-width: 300px) 100vw, 300px\" \/><\/p>\n<p>O presidente da Assembleia Legislativa do Cear\u00e1, Jos\u00e9 Sarto (PDT), se reuniu nesta quinta-feira, dia 18 de julho, com oito prefeitos do interior cearense para retomar a discuss\u00e3o sobre gest\u00e3o fiscal dos munic\u00edpios. As maiores reclama\u00e7\u00f5es s\u00e3o a queda de repasses e aumento das despesas nas administra\u00e7\u00f5es municipais.<br \/>\nDe acordo com a Associa\u00e7\u00e3o dos Prefeitos do Cear\u00e1 (Aprece), o Estado tem hoje 120 cidades que j\u00e1 est\u00e3o ultrapassando o limite prudencial de despesa com folha de pagamento e, por isso, os prefeitos relatam preocupa\u00e7\u00e3o com o cumprimento da Lei de Responsabilidade Fiscal.<br \/>\nO encontro desta quinta-feira contou com a participa\u00e7\u00e3o dos deputados estaduais Evandro Leit\u00e3o (PDT) e Elmano de Freitas (PT). Estiveram presentes tamb\u00e9m os prefeitos de Barreira, Carir\u00e9, Chorozinho, Groa\u00edras, Guaramiranga, Or\u00f3s, Pacuj\u00e1 e V\u00e1rzea Alegre, al\u00e9m de consultores da Associa\u00e7\u00e3o de Prefeitos.<\/p>\n","protected":false},"excerpt":{"rendered":"<p>O presidente da Assembleia Legislativa do Cear\u00e1, Jos\u00e9 Sarto (PDT), se reuniu nesta quinta-feira, dia 18 de julho, com oito prefeitos do interior cearense para retomar a discuss\u00e3o sobre gest\u00e3o fiscal dos munic\u00edpios. As maiores reclama\u00e7\u00f5es s\u00e3o a queda de repasses e aumento das despesas nas administra\u00e7\u00f5es municipais. De acordo com a Associa\u00e7\u00e3o dos Prefeitos do Cear\u00e1 (Aprece), o Estado tem hoje 120 cidades que j\u00e1 est\u00e3o ultrapassando o limite prudencial de despesa com folha de pagamento e, por&hellip;<\/p>\n","protected":false},"author":1,"featured_media":0,"comment_status":"open","ping_status":"open","sticky":false,"template":"","format":"standard","meta":{"footnotes":""},"categories":[1],"tags":[],"class_list":["post-13375","post","type-post","status-publish","format-standard","hentry","category-noticias"],"_links":{"self":[{"href":"https:\/\/blogdorogeriogomes.com.br\/noticias\/wp-json\/wp\/v2\/posts\/13375","targetHints":{"allow":["GET"]}}],"collection":[{"href":"https:\/\/blogdorogeriogomes.com.br\/noticias\/wp-json\/wp\/v2\/posts"}],"about":[{"href":"https:\/\/blogdorogeriogomes.com.br\/noticias\/wp-json\/wp\/v2\/types\/post"}],"author":[{"embeddable":true,"href":"https:\/\/blogdorogeriogomes.com.br\/noticias\/wp-json\/wp\/v2\/users\/1"}],"replies":[{"embeddable":true,"href":"https:\/\/blogdorogeriogomes.com.br\/noticias\/wp-json\/wp\/v2\/comments?post=13375"}],"version-history":[{"count":1,"href":"https:\/\/blogdorogeriogomes.com.br\/noticias\/wp-json\/wp\/v2\/posts\/13375\/revisions"}],"predecessor-version":[{"id":13377,"href":"https:\/\/blogdorogeriogomes.com.br\/noticias\/wp-json\/wp\/v2\/posts\/13375\/revisions\/13377"}],"wp:attachment":[{"href":"https:\/\/blogdorogeriogomes.com.br\/noticias\/wp-json\/wp\/v2\/media?parent=13375"}],"wp:term":[{"taxonomy":"category","embeddable":true,"href":"https:\/\/blogdorogeriogomes.com.br\/noticias\/wp-json\/wp\/v2\/categories?post=13375"},{"taxonomy":"post_tag","embeddable":true,"href":"https:\/\/blogdorogeriogomes.com.br\/noticias\/wp-json\/wp\/v2\/tags?post=13375"}],"curies":[{"name":"wp","href":"https:\/\/api.w.org\/{rel}","templated":true}]}}