{"id":13378,"date":"2019-07-19T10:21:19","date_gmt":"2019-07-19T10:21:19","guid":{"rendered":"http:\/\/blogdorogeriogomes.com.br\/?p=13378"},"modified":"2019-07-19T10:21:19","modified_gmt":"2019-07-19T10:21:19","slug":"incluir-estados-e-municipios-na-reforma-da-previdencia-ainda-esta-na-mira-de-senadores","status":"publish","type":"post","link":"https:\/\/blogdorogeriogomes.com.br\/noticias\/2019\/07\/incluir-estados-e-municipios-na-reforma-da-previdencia-ainda-esta-na-mira-de-senadores\/","title":{"rendered":"Incluir estados e munic\u00edpios na reforma da Previd\u00eancia ainda est\u00e1 na mira de senadores"},"content":{"rendered":"<p><img loading=\"lazy\" decoding=\"async\" class=\"alignnone size-medium wp-image-13379\" src=\"http:\/\/blogdorogeriogomes.com.br\/wp-content\/uploads\/2019\/07\/IMG_20190719_071700_767-300x260.jpg\" alt=\"IMG_20190719_071700_767\" width=\"300\" height=\"260\" srcset=\"https:\/\/blogdorogeriogomes.com.br\/noticias\/wp-content\/uploads\/2019\/07\/IMG_20190719_071700_767-300x260.jpg 300w, https:\/\/blogdorogeriogomes.com.br\/noticias\/wp-content\/uploads\/2019\/07\/IMG_20190719_071700_767.jpg 552w\" sizes=\"auto, (max-width: 300px) 100vw, 300px\" \/><\/p>\n<p>De R$ 1 trilh\u00e3o de reais, a economia estimada em dez anos com a reforma da Previd\u00eancia passou para R$ 933,5 bilh\u00f5es de reais, segundo o Governo Federal. Mas a reforma ainda vai passar por mais tr\u00eas vota\u00e7\u00f5es, sendo a do segundo turno na C\u00e2mara dos Deputados, em agosto, e, na sequ\u00eancia, em primeiro e segundo turnos no Senado Federal.<br \/>\nAinda s\u00e3o aguardadas novas mudan\u00e7as na proposta, j\u00e1 que deputados e senadores querem reduzir danos causados pela reforma aos trabalhadores da iniciativa privada no regime geral.<br \/>\nNo Cear\u00e1, o senador Tasso Jereissati (PSDB) levantou a bandeira de incluir os servidores p\u00fablicos de estados e munic\u00edpios na reforma que, por enquanto, est\u00e3o de fora.<br \/>\nO governador do Cear\u00e1, Camilo Santana, tem defendido o di\u00e1logo de governadores nordestinos com suas bancadas para reduzir os preju\u00edzos dos mais pobres na reforma. Um exemplo \u00e9 a pens\u00e3o por morte. O benef\u00edcio teve valor reduzido, que pode chegar a ser menor que um sal\u00e1rio m\u00ednimo.<\/p>\n","protected":false},"excerpt":{"rendered":"<p>De R$ 1 trilh\u00e3o de reais, a economia estimada em dez anos com a reforma da Previd\u00eancia passou para R$ 933,5 bilh\u00f5es de reais, segundo o Governo Federal. Mas a reforma ainda vai passar por mais tr\u00eas vota\u00e7\u00f5es, sendo a do segundo turno na C\u00e2mara dos Deputados, em agosto, e, na sequ\u00eancia, em primeiro e segundo turnos no Senado Federal. Ainda s\u00e3o aguardadas novas mudan\u00e7as na proposta, j\u00e1 que deputados e senadores querem reduzir danos causados pela reforma aos&hellip;<\/p>\n","protected":false},"author":1,"featured_media":0,"comment_status":"open","ping_status":"open","sticky":false,"template":"","format":"standard","meta":{"footnotes":""},"categories":[1],"tags":[],"class_list":["post-13378","post","type-post","status-publish","format-standard","hentry","category-noticias"],"_links":{"self":[{"href":"https:\/\/blogdorogeriogomes.com.br\/noticias\/wp-json\/wp\/v2\/posts\/13378","targetHints":{"allow":["GET"]}}],"collection":[{"href":"https:\/\/blogdorogeriogomes.com.br\/noticias\/wp-json\/wp\/v2\/posts"}],"about":[{"href":"https:\/\/blogdorogeriogomes.com.br\/noticias\/wp-json\/wp\/v2\/types\/post"}],"author":[{"embeddable":true,"href":"https:\/\/blogdorogeriogomes.com.br\/noticias\/wp-json\/wp\/v2\/users\/1"}],"replies":[{"embeddable":true,"href":"https:\/\/blogdorogeriogomes.com.br\/noticias\/wp-json\/wp\/v2\/comments?post=13378"}],"version-history":[{"count":1,"href":"https:\/\/blogdorogeriogomes.com.br\/noticias\/wp-json\/wp\/v2\/posts\/13378\/revisions"}],"predecessor-version":[{"id":13380,"href":"https:\/\/blogdorogeriogomes.com.br\/noticias\/wp-json\/wp\/v2\/posts\/13378\/revisions\/13380"}],"wp:attachment":[{"href":"https:\/\/blogdorogeriogomes.com.br\/noticias\/wp-json\/wp\/v2\/media?parent=13378"}],"wp:term":[{"taxonomy":"category","embeddable":true,"href":"https:\/\/blogdorogeriogomes.com.br\/noticias\/wp-json\/wp\/v2\/categories?post=13378"},{"taxonomy":"post_tag","embeddable":true,"href":"https:\/\/blogdorogeriogomes.com.br\/noticias\/wp-json\/wp\/v2\/tags?post=13378"}],"curies":[{"name":"wp","href":"https:\/\/api.w.org\/{rel}","templated":true}]}}