{"id":13381,"date":"2019-07-22T09:21:08","date_gmt":"2019-07-22T09:21:08","guid":{"rendered":"http:\/\/blogdorogeriogomes.com.br\/?p=13381"},"modified":"2019-07-22T09:21:08","modified_gmt":"2019-07-22T09:21:08","slug":"comitiva-da-china-visita-o-ceara-para-tratar-de-investimentos-e-intercambio-na-area-educacional","status":"publish","type":"post","link":"https:\/\/blogdorogeriogomes.com.br\/noticias\/2019\/07\/comitiva-da-china-visita-o-ceara-para-tratar-de-investimentos-e-intercambio-na-area-educacional\/","title":{"rendered":"Comitiva da China visita o Cear\u00e1 para tratar de investimentos e interc\u00e2mbio na \u00e1rea educacional"},"content":{"rendered":"<p><img loading=\"lazy\" decoding=\"async\" class=\"alignnone size-medium wp-image-13382\" src=\"http:\/\/blogdorogeriogomes.com.br\/wp-content\/uploads\/2019\/07\/IMG_20190722_061659_421-300x224.jpg\" alt=\"IMG_20190722_061659_421\" width=\"300\" height=\"224\" srcset=\"https:\/\/blogdorogeriogomes.com.br\/noticias\/wp-content\/uploads\/2019\/07\/IMG_20190722_061659_421-300x224.jpg 300w, https:\/\/blogdorogeriogomes.com.br\/noticias\/wp-content\/uploads\/2019\/07\/IMG_20190722_061659_421.jpg 550w\" sizes=\"auto, (max-width: 300px) 100vw, 300px\" \/><\/p>\n<p>Uma comitiva chinesa estar\u00e1 nesta segunda-feira, dia 22 de julho, em visita ao Cear\u00e1. O primeiro encontro ser\u00e1 com o governador Camilo Santana, no Pal\u00e1cio da Aboli\u00e7\u00e3o.<br \/>\nA comitiva retribui a visita realizada pelo governador Camilo Santana, em abril deste ano, a Dalian, cidade que fica a 840km de Pequim. A vinda dos chineses ao Cear\u00e1 tem o objetivo de tratar de parcerias em diversas \u00e1reas iniciadas entre as duas partes ainda na China.<br \/>\nO grupo deve visitar ainda as instala\u00e7\u00f5es do Complexo Industrial e Portu\u00e1rio do Pec\u00e9m e manter reuni\u00f5es com a Secretaria da Educa\u00e7\u00e3o para tratar do interc\u00e2mbio cultural entre os alunos cearenses e chineses.<br \/>\nEm agosto, dez alunos e a diretora da Escola de Ensino M\u00e9dio em Tempo Integral Almiro da Cruz, de Barbalha, viajar\u00e3o para Dalian, no primeiro interc\u00e2mbio cultural. O Governo do Cear\u00e1 custear\u00e1 as passagens e despesas com documenta\u00e7\u00e3o e a Prefeitura de Dalian arcar\u00e1 com despesas de hospedagem e alimenta\u00e7\u00e3o.<\/p>\n","protected":false},"excerpt":{"rendered":"<p>Uma comitiva chinesa estar\u00e1 nesta segunda-feira, dia 22 de julho, em visita ao Cear\u00e1. O primeiro encontro ser\u00e1 com o governador Camilo Santana, no Pal\u00e1cio da Aboli\u00e7\u00e3o. A comitiva retribui a visita realizada pelo governador Camilo Santana, em abril deste ano, a Dalian, cidade que fica a 840km de Pequim. A vinda dos chineses ao Cear\u00e1 tem o objetivo de tratar de parcerias em diversas \u00e1reas iniciadas entre as duas partes ainda na China. O grupo deve visitar ainda&hellip;<\/p>\n","protected":false},"author":1,"featured_media":0,"comment_status":"open","ping_status":"open","sticky":false,"template":"","format":"standard","meta":{"footnotes":""},"categories":[1],"tags":[],"class_list":["post-13381","post","type-post","status-publish","format-standard","hentry","category-noticias"],"_links":{"self":[{"href":"https:\/\/blogdorogeriogomes.com.br\/noticias\/wp-json\/wp\/v2\/posts\/13381","targetHints":{"allow":["GET"]}}],"collection":[{"href":"https:\/\/blogdorogeriogomes.com.br\/noticias\/wp-json\/wp\/v2\/posts"}],"about":[{"href":"https:\/\/blogdorogeriogomes.com.br\/noticias\/wp-json\/wp\/v2\/types\/post"}],"author":[{"embeddable":true,"href":"https:\/\/blogdorogeriogomes.com.br\/noticias\/wp-json\/wp\/v2\/users\/1"}],"replies":[{"embeddable":true,"href":"https:\/\/blogdorogeriogomes.com.br\/noticias\/wp-json\/wp\/v2\/comments?post=13381"}],"version-history":[{"count":1,"href":"https:\/\/blogdorogeriogomes.com.br\/noticias\/wp-json\/wp\/v2\/posts\/13381\/revisions"}],"predecessor-version":[{"id":13383,"href":"https:\/\/blogdorogeriogomes.com.br\/noticias\/wp-json\/wp\/v2\/posts\/13381\/revisions\/13383"}],"wp:attachment":[{"href":"https:\/\/blogdorogeriogomes.com.br\/noticias\/wp-json\/wp\/v2\/media?parent=13381"}],"wp:term":[{"taxonomy":"category","embeddable":true,"href":"https:\/\/blogdorogeriogomes.com.br\/noticias\/wp-json\/wp\/v2\/categories?post=13381"},{"taxonomy":"post_tag","embeddable":true,"href":"https:\/\/blogdorogeriogomes.com.br\/noticias\/wp-json\/wp\/v2\/tags?post=13381"}],"curies":[{"name":"wp","href":"https:\/\/api.w.org\/{rel}","templated":true}]}}