{"id":13387,"date":"2019-07-22T09:46:14","date_gmt":"2019-07-22T09:46:14","guid":{"rendered":"http:\/\/blogdorogeriogomes.com.br\/?p=13387"},"modified":"2019-07-22T09:46:14","modified_gmt":"2019-07-22T09:46:14","slug":"em-meio-as-criticas-sobre-declaracoes-bolsonaro-vem-novamente-ao-nordeste-nesta-terca-feira","status":"publish","type":"post","link":"https:\/\/blogdorogeriogomes.com.br\/noticias\/2019\/07\/em-meio-as-criticas-sobre-declaracoes-bolsonaro-vem-novamente-ao-nordeste-nesta-terca-feira\/","title":{"rendered":"Em meio \u00e0s cr\u00edticas sobre declara\u00e7\u00f5es, Bolsonaro vem novamente ao Nordeste nesta ter\u00e7a-feira"},"content":{"rendered":"<p><img loading=\"lazy\" decoding=\"async\" class=\"alignnone size-medium wp-image-13388\" src=\"http:\/\/blogdorogeriogomes.com.br\/wp-content\/uploads\/2019\/07\/IMG_20190722_064346_232-300x248.jpg\" alt=\"IMG_20190722_064346_232\" width=\"300\" height=\"248\" srcset=\"https:\/\/blogdorogeriogomes.com.br\/noticias\/wp-content\/uploads\/2019\/07\/IMG_20190722_064346_232-300x248.jpg 300w, https:\/\/blogdorogeriogomes.com.br\/noticias\/wp-content\/uploads\/2019\/07\/IMG_20190722_064346_232.jpg 516w\" sizes=\"auto, (max-width: 300px) 100vw, 300px\" \/><\/p>\n<p>O presidente Jair Bolsonaro usou o termo pejorativo &#8220;para\u00edba&#8221; para se referir a nordestinos e dizer tamb\u00e9m que n\u00e3o devia dar &#8220;nada&#8221; para o governador do Maranh\u00e3o, Fl\u00e1vio Dino (PCdoB). O assunto agitou as redes sociais durante todo o fim de semana e tamb\u00e9m rendeu no meio pol\u00edtico.<br \/>\nO governador do Cear\u00e1, Camilo Santana (PT), disse que, passadas as elei\u00e7\u00f5es, \u00e9 preciso &#8220;governar para todos, deixando para tr\u00e1s as diferen\u00e7as&#8221;. &#8220;Ajudarei sempre que poss\u00edvel e criticarei e lutarei contra tudo o que considero injusto e que prejudique a popula\u00e7\u00e3o, sobretudo a que mais precisa. O Nordeste est\u00e1 unido, e o Brasil precisa se unir, mais do que nunca. Chega de \u00f3dio e intoler\u00e2ncia&#8221;, disse Camilo no Facebook.<br \/>\nCom viagem prevista para esta ter\u00e7a-feira, dia 23 de julho, a fim de inaugurar o Aeroporto de Vit\u00f3ria da Conquista, na Bahia, Bolsonaro afirmou que n\u00e3o teme ataques e protestos como rea\u00e7\u00e3o aos coment\u00e1rios feitos na sexta em rela\u00e7\u00e3o a governadores do Nordeste. Ser\u00e1 a segunda viagem oficial de Bolsonaro como presidente \u00e0 regi\u00e3o.<\/p>\n","protected":false},"excerpt":{"rendered":"<p>O presidente Jair Bolsonaro usou o termo pejorativo &#8220;para\u00edba&#8221; para se referir a nordestinos e dizer tamb\u00e9m que n\u00e3o devia dar &#8220;nada&#8221; para o governador do Maranh\u00e3o, Fl\u00e1vio Dino (PCdoB). O assunto agitou as redes sociais durante todo o fim de semana e tamb\u00e9m rendeu no meio pol\u00edtico. O governador do Cear\u00e1, Camilo Santana (PT), disse que, passadas as elei\u00e7\u00f5es, \u00e9 preciso &#8220;governar para todos, deixando para tr\u00e1s as diferen\u00e7as&#8221;. &#8220;Ajudarei sempre que poss\u00edvel e criticarei e lutarei contra&hellip;<\/p>\n","protected":false},"author":1,"featured_media":0,"comment_status":"open","ping_status":"open","sticky":false,"template":"","format":"standard","meta":{"footnotes":""},"categories":[1],"tags":[],"class_list":["post-13387","post","type-post","status-publish","format-standard","hentry","category-noticias"],"_links":{"self":[{"href":"https:\/\/blogdorogeriogomes.com.br\/noticias\/wp-json\/wp\/v2\/posts\/13387","targetHints":{"allow":["GET"]}}],"collection":[{"href":"https:\/\/blogdorogeriogomes.com.br\/noticias\/wp-json\/wp\/v2\/posts"}],"about":[{"href":"https:\/\/blogdorogeriogomes.com.br\/noticias\/wp-json\/wp\/v2\/types\/post"}],"author":[{"embeddable":true,"href":"https:\/\/blogdorogeriogomes.com.br\/noticias\/wp-json\/wp\/v2\/users\/1"}],"replies":[{"embeddable":true,"href":"https:\/\/blogdorogeriogomes.com.br\/noticias\/wp-json\/wp\/v2\/comments?post=13387"}],"version-history":[{"count":1,"href":"https:\/\/blogdorogeriogomes.com.br\/noticias\/wp-json\/wp\/v2\/posts\/13387\/revisions"}],"predecessor-version":[{"id":13389,"href":"https:\/\/blogdorogeriogomes.com.br\/noticias\/wp-json\/wp\/v2\/posts\/13387\/revisions\/13389"}],"wp:attachment":[{"href":"https:\/\/blogdorogeriogomes.com.br\/noticias\/wp-json\/wp\/v2\/media?parent=13387"}],"wp:term":[{"taxonomy":"category","embeddable":true,"href":"https:\/\/blogdorogeriogomes.com.br\/noticias\/wp-json\/wp\/v2\/categories?post=13387"},{"taxonomy":"post_tag","embeddable":true,"href":"https:\/\/blogdorogeriogomes.com.br\/noticias\/wp-json\/wp\/v2\/tags?post=13387"}],"curies":[{"name":"wp","href":"https:\/\/api.w.org\/{rel}","templated":true}]}}