{"id":13393,"date":"2019-07-22T23:29:19","date_gmt":"2019-07-22T23:29:19","guid":{"rendered":"http:\/\/blogdorogeriogomes.com.br\/?p=13393"},"modified":"2019-07-22T23:29:19","modified_gmt":"2019-07-22T23:29:19","slug":"ceara-tem-22-municipios-em-situacao-de-emergencia-por-dificuldades-no-abastecimento","status":"publish","type":"post","link":"https:\/\/blogdorogeriogomes.com.br\/noticias\/2019\/07\/ceara-tem-22-municipios-em-situacao-de-emergencia-por-dificuldades-no-abastecimento\/","title":{"rendered":"Cear\u00e1 tem 22 munic\u00edpios em situa\u00e7\u00e3o de emerg\u00eancia por dificuldades no abastecimento"},"content":{"rendered":"<p><img loading=\"lazy\" decoding=\"async\" class=\"alignnone size-medium wp-image-13394\" src=\"http:\/\/blogdorogeriogomes.com.br\/wp-content\/uploads\/2019\/07\/IMG_20190722_202435_039-300x200.jpg\" alt=\"IMG_20190722_202435_039\" width=\"300\" height=\"200\" srcset=\"https:\/\/blogdorogeriogomes.com.br\/noticias\/wp-content\/uploads\/2019\/07\/IMG_20190722_202435_039-300x200.jpg 300w, https:\/\/blogdorogeriogomes.com.br\/noticias\/wp-content\/uploads\/2019\/07\/IMG_20190722_202435_039.jpg 679w\" sizes=\"auto, (max-width: 300px) 100vw, 300px\" \/><\/p>\n<p>Apesar da melhor quadra chuvosa dos \u00faltimos sete anos, h\u00e1 22 munic\u00edpios cearenses em situa\u00e7\u00e3o de emerg\u00eancia reconhecida pela Secretaria Nacional de Prote\u00e7\u00e3o e Defesa Civil, do Minist\u00e9rio do Desenvolvimento Regional. A medida garante aos munic\u00edpios receberem aux\u00edlio da Defesa Civil Nacional. O maior problema nessas cidades \u00e9 a dificuldade de abastecimento de \u00e1gua, principalmente, nas \u00e1reas rurais. A portaria foi publicada no Di\u00e1rio Oficial da Uni\u00e3o (DOU) nesta segunda-feira, dia 22 de julho.<br \/>\nEstados e munic\u00edpios precisam obter o reconhecimento federal de situa\u00e7\u00e3o de emerg\u00eancia ou calamidade p\u00fablica, deferido pelo Governo Federal ap\u00f3s a an\u00e1lise do decreto estadual. A publica\u00e7\u00e3o no DOU ratifica o decreto do Governo do Cear\u00e1, de 26 de abril de 2019.<br \/>\nOs munic\u00edpios cearenses em estado de emerg\u00eancia s\u00e3o Beberibe, Boa Viagem, Campos Sales, Cariria\u00e7u, Catarina, Catunda, Deputado Irapuan Pinheiro, Itapaj\u00e9, Jaguaretama, Jaguaribara, Jati, Milh\u00e3, Momba\u00e7a, Monsenhor Tabosa, Morada Nova, Nova Olinda, Pedra Branca, Pereiro, Piquet Carneiro, Saboeiro, Solon\u00f3pole e Tarrafas.<\/p>\n","protected":false},"excerpt":{"rendered":"<p>Apesar da melhor quadra chuvosa dos \u00faltimos sete anos, h\u00e1 22 munic\u00edpios cearenses em situa\u00e7\u00e3o de emerg\u00eancia reconhecida pela Secretaria Nacional de Prote\u00e7\u00e3o e Defesa Civil, do Minist\u00e9rio do Desenvolvimento Regional. A medida garante aos munic\u00edpios receberem aux\u00edlio da Defesa Civil Nacional. O maior problema nessas cidades \u00e9 a dificuldade de abastecimento de \u00e1gua, principalmente, nas \u00e1reas rurais. A portaria foi publicada no Di\u00e1rio Oficial da Uni\u00e3o (DOU) nesta segunda-feira, dia 22 de julho. Estados e munic\u00edpios precisam obter&hellip;<\/p>\n","protected":false},"author":1,"featured_media":0,"comment_status":"open","ping_status":"open","sticky":false,"template":"","format":"standard","meta":{"footnotes":""},"categories":[1],"tags":[],"class_list":["post-13393","post","type-post","status-publish","format-standard","hentry","category-noticias"],"_links":{"self":[{"href":"https:\/\/blogdorogeriogomes.com.br\/noticias\/wp-json\/wp\/v2\/posts\/13393","targetHints":{"allow":["GET"]}}],"collection":[{"href":"https:\/\/blogdorogeriogomes.com.br\/noticias\/wp-json\/wp\/v2\/posts"}],"about":[{"href":"https:\/\/blogdorogeriogomes.com.br\/noticias\/wp-json\/wp\/v2\/types\/post"}],"author":[{"embeddable":true,"href":"https:\/\/blogdorogeriogomes.com.br\/noticias\/wp-json\/wp\/v2\/users\/1"}],"replies":[{"embeddable":true,"href":"https:\/\/blogdorogeriogomes.com.br\/noticias\/wp-json\/wp\/v2\/comments?post=13393"}],"version-history":[{"count":1,"href":"https:\/\/blogdorogeriogomes.com.br\/noticias\/wp-json\/wp\/v2\/posts\/13393\/revisions"}],"predecessor-version":[{"id":13395,"href":"https:\/\/blogdorogeriogomes.com.br\/noticias\/wp-json\/wp\/v2\/posts\/13393\/revisions\/13395"}],"wp:attachment":[{"href":"https:\/\/blogdorogeriogomes.com.br\/noticias\/wp-json\/wp\/v2\/media?parent=13393"}],"wp:term":[{"taxonomy":"category","embeddable":true,"href":"https:\/\/blogdorogeriogomes.com.br\/noticias\/wp-json\/wp\/v2\/categories?post=13393"},{"taxonomy":"post_tag","embeddable":true,"href":"https:\/\/blogdorogeriogomes.com.br\/noticias\/wp-json\/wp\/v2\/tags?post=13393"}],"curies":[{"name":"wp","href":"https:\/\/api.w.org\/{rel}","templated":true}]}}