{"id":13396,"date":"2019-07-22T23:43:41","date_gmt":"2019-07-22T23:43:41","guid":{"rendered":"http:\/\/blogdorogeriogomes.com.br\/?p=13396"},"modified":"2019-07-22T23:43:41","modified_gmt":"2019-07-22T23:43:41","slug":"ameaca-de-greve-dos-caminhoneiros-faz-o-governo-federal-suspender-tabela-de-fretes","status":"publish","type":"post","link":"https:\/\/blogdorogeriogomes.com.br\/noticias\/2019\/07\/ameaca-de-greve-dos-caminhoneiros-faz-o-governo-federal-suspender-tabela-de-fretes\/","title":{"rendered":"Amea\u00e7a de greve dos caminhoneiros faz o Governo Federal suspender tabela de fretes"},"content":{"rendered":"<p><img loading=\"lazy\" decoding=\"async\" class=\"alignnone size-medium wp-image-13397\" src=\"http:\/\/blogdorogeriogomes.com.br\/wp-content\/uploads\/2019\/07\/IMG_20190722_203939_373-300x207.jpg\" alt=\"IMG_20190722_203939_373\" width=\"300\" height=\"207\" srcset=\"https:\/\/blogdorogeriogomes.com.br\/noticias\/wp-content\/uploads\/2019\/07\/IMG_20190722_203939_373-300x207.jpg 300w, https:\/\/blogdorogeriogomes.com.br\/noticias\/wp-content\/uploads\/2019\/07\/IMG_20190722_203939_373.jpg 742w\" sizes=\"auto, (max-width: 300px) 100vw, 300px\" \/><\/p>\n<p>A amea\u00e7a de greve dos caminhoneiros em todo o Pa\u00eds nesta segunda-feira, dia 22 de julho, fez o Governo Federal recuar. A nova tabela de pisos m\u00ednimos de fretes foi suspensa pela Ag\u00eancia Nacional de Transportes Terrestres em decis\u00e3o tomada ap\u00f3s pedido do Minist\u00e9rio dos Transportes.<br \/>\nOs caminhoneiros estavam insatisfeitos com os valores. O ministro dos Transportes, Tarc\u00edsio de Freitas, pediu para a ANTT rever a aplica\u00e7\u00e3o da nova tabela, prometendo uma reuni\u00e3o com os caminhoneiros na quarta-feira, dia 24, para discutir o assunto.<br \/>\nA decis\u00e3o do governo de suspender a revis\u00e3o da tabela do frete aumenta a expectativa das empresas por um julgamento do STF (Supremo Tribunal Federal) sobre a constitucionalidade do mecanismo de fixa\u00e7\u00e3o de pre\u00e7os.<br \/>\nO tabelamento do frete foi criado pelo governo Michel Temer em Medida Provis\u00f3ria que tinha justamente o objetivo de arrefecer uma longa paralisa\u00e7\u00e3o de caminhoneiros, ocorrida em maio de 2018.<\/p>\n","protected":false},"excerpt":{"rendered":"<p>A amea\u00e7a de greve dos caminhoneiros em todo o Pa\u00eds nesta segunda-feira, dia 22 de julho, fez o Governo Federal recuar. A nova tabela de pisos m\u00ednimos de fretes foi suspensa pela Ag\u00eancia Nacional de Transportes Terrestres em decis\u00e3o tomada ap\u00f3s pedido do Minist\u00e9rio dos Transportes. Os caminhoneiros estavam insatisfeitos com os valores. O ministro dos Transportes, Tarc\u00edsio de Freitas, pediu para a ANTT rever a aplica\u00e7\u00e3o da nova tabela, prometendo uma reuni\u00e3o com os caminhoneiros na quarta-feira, dia&hellip;<\/p>\n","protected":false},"author":1,"featured_media":0,"comment_status":"open","ping_status":"open","sticky":false,"template":"","format":"standard","meta":{"footnotes":""},"categories":[1],"tags":[],"class_list":["post-13396","post","type-post","status-publish","format-standard","hentry","category-noticias"],"_links":{"self":[{"href":"https:\/\/blogdorogeriogomes.com.br\/noticias\/wp-json\/wp\/v2\/posts\/13396","targetHints":{"allow":["GET"]}}],"collection":[{"href":"https:\/\/blogdorogeriogomes.com.br\/noticias\/wp-json\/wp\/v2\/posts"}],"about":[{"href":"https:\/\/blogdorogeriogomes.com.br\/noticias\/wp-json\/wp\/v2\/types\/post"}],"author":[{"embeddable":true,"href":"https:\/\/blogdorogeriogomes.com.br\/noticias\/wp-json\/wp\/v2\/users\/1"}],"replies":[{"embeddable":true,"href":"https:\/\/blogdorogeriogomes.com.br\/noticias\/wp-json\/wp\/v2\/comments?post=13396"}],"version-history":[{"count":1,"href":"https:\/\/blogdorogeriogomes.com.br\/noticias\/wp-json\/wp\/v2\/posts\/13396\/revisions"}],"predecessor-version":[{"id":13398,"href":"https:\/\/blogdorogeriogomes.com.br\/noticias\/wp-json\/wp\/v2\/posts\/13396\/revisions\/13398"}],"wp:attachment":[{"href":"https:\/\/blogdorogeriogomes.com.br\/noticias\/wp-json\/wp\/v2\/media?parent=13396"}],"wp:term":[{"taxonomy":"category","embeddable":true,"href":"https:\/\/blogdorogeriogomes.com.br\/noticias\/wp-json\/wp\/v2\/categories?post=13396"},{"taxonomy":"post_tag","embeddable":true,"href":"https:\/\/blogdorogeriogomes.com.br\/noticias\/wp-json\/wp\/v2\/tags?post=13396"}],"curies":[{"name":"wp","href":"https:\/\/api.w.org\/{rel}","templated":true}]}}