{"id":13402,"date":"2019-07-23T10:03:23","date_gmt":"2019-07-23T10:03:23","guid":{"rendered":"http:\/\/blogdorogeriogomes.com.br\/?p=13402"},"modified":"2019-07-23T10:03:23","modified_gmt":"2019-07-23T10:03:23","slug":"stf-deve-avaliar-no-segundo-semestre-acoes-que-questionam-atuacao-de-moro-na-lava-jato","status":"publish","type":"post","link":"https:\/\/blogdorogeriogomes.com.br\/noticias\/2019\/07\/stf-deve-avaliar-no-segundo-semestre-acoes-que-questionam-atuacao-de-moro-na-lava-jato\/","title":{"rendered":"STF deve avaliar no segundo semestre a\u00e7\u00f5es que questionam atua\u00e7\u00e3o de Moro na Lava Jato"},"content":{"rendered":"<p><img loading=\"lazy\" decoding=\"async\" class=\"alignnone size-medium wp-image-13403\" src=\"http:\/\/blogdorogeriogomes.com.br\/wp-content\/uploads\/2019\/07\/IMG_20190723_065933_668-300x213.jpg\" alt=\"IMG_20190723_065933_668\" width=\"300\" height=\"213\" srcset=\"https:\/\/blogdorogeriogomes.com.br\/noticias\/wp-content\/uploads\/2019\/07\/IMG_20190723_065933_668-300x213.jpg 300w, https:\/\/blogdorogeriogomes.com.br\/noticias\/wp-content\/uploads\/2019\/07\/IMG_20190723_065933_668.jpg 636w\" sizes=\"auto, (max-width: 300px) 100vw, 300px\" \/><\/p>\n<p>O Supremo Tribunal Federal (STF) pode avaliar no segundo semestre a\u00e7\u00f5es que questionam a atua\u00e7\u00e3o do ex-juiz Sergio Moro na Opera\u00e7\u00e3o Lava Jato. Ministros do STF est\u00e3o politicamente pressionados pelo impacto negativo das mensagens reveladas pelo site The Intercept, que demonstram a atua\u00e7\u00e3o de Moro incompat\u00edvel com a lei, a \u00e9tica e o c\u00f3digo da magistratura.<br \/>\nA coluna Painel da Folha de S.Paulo diz que al\u00e9m do habeas corpus que tramita na Segunda Turma e no qual o ex-presidente Lula alega a suspei\u00e7\u00e3o de Sergio Moro, est\u00e1 nas m\u00e3os do ministro do STF Edson Fachin uma queixa-crime por abuso de autoridade impetrada pela defesa do petista. Advogados de defesa do ex-presidente esperam que os pedidos entrem na pauta de julgamento j\u00e1 em agosto.<\/p>\n","protected":false},"excerpt":{"rendered":"<p>O Supremo Tribunal Federal (STF) pode avaliar no segundo semestre a\u00e7\u00f5es que questionam a atua\u00e7\u00e3o do ex-juiz Sergio Moro na Opera\u00e7\u00e3o Lava Jato. Ministros do STF est\u00e3o politicamente pressionados pelo impacto negativo das mensagens reveladas pelo site The Intercept, que demonstram a atua\u00e7\u00e3o de Moro incompat\u00edvel com a lei, a \u00e9tica e o c\u00f3digo da magistratura. A coluna Painel da Folha de S.Paulo diz que al\u00e9m do habeas corpus que tramita na Segunda Turma e no qual o ex-presidente&hellip;<\/p>\n","protected":false},"author":1,"featured_media":0,"comment_status":"open","ping_status":"open","sticky":false,"template":"","format":"standard","meta":{"footnotes":""},"categories":[1],"tags":[],"class_list":["post-13402","post","type-post","status-publish","format-standard","hentry","category-noticias"],"_links":{"self":[{"href":"https:\/\/blogdorogeriogomes.com.br\/noticias\/wp-json\/wp\/v2\/posts\/13402","targetHints":{"allow":["GET"]}}],"collection":[{"href":"https:\/\/blogdorogeriogomes.com.br\/noticias\/wp-json\/wp\/v2\/posts"}],"about":[{"href":"https:\/\/blogdorogeriogomes.com.br\/noticias\/wp-json\/wp\/v2\/types\/post"}],"author":[{"embeddable":true,"href":"https:\/\/blogdorogeriogomes.com.br\/noticias\/wp-json\/wp\/v2\/users\/1"}],"replies":[{"embeddable":true,"href":"https:\/\/blogdorogeriogomes.com.br\/noticias\/wp-json\/wp\/v2\/comments?post=13402"}],"version-history":[{"count":1,"href":"https:\/\/blogdorogeriogomes.com.br\/noticias\/wp-json\/wp\/v2\/posts\/13402\/revisions"}],"predecessor-version":[{"id":13404,"href":"https:\/\/blogdorogeriogomes.com.br\/noticias\/wp-json\/wp\/v2\/posts\/13402\/revisions\/13404"}],"wp:attachment":[{"href":"https:\/\/blogdorogeriogomes.com.br\/noticias\/wp-json\/wp\/v2\/media?parent=13402"}],"wp:term":[{"taxonomy":"category","embeddable":true,"href":"https:\/\/blogdorogeriogomes.com.br\/noticias\/wp-json\/wp\/v2\/categories?post=13402"},{"taxonomy":"post_tag","embeddable":true,"href":"https:\/\/blogdorogeriogomes.com.br\/noticias\/wp-json\/wp\/v2\/tags?post=13402"}],"curies":[{"name":"wp","href":"https:\/\/api.w.org\/{rel}","templated":true}]}}