{"id":13405,"date":"2019-07-23T21:05:26","date_gmt":"2019-07-23T21:05:26","guid":{"rendered":"http:\/\/blogdorogeriogomes.com.br\/?p=13405"},"modified":"2019-07-23T21:05:26","modified_gmt":"2019-07-23T21:05:26","slug":"contas-duplicadas-podem-gerar-multa-de-ate-r-13-milhoes-a-enel-distribuicao","status":"publish","type":"post","link":"https:\/\/blogdorogeriogomes.com.br\/noticias\/2019\/07\/contas-duplicadas-podem-gerar-multa-de-ate-r-13-milhoes-a-enel-distribuicao\/","title":{"rendered":"Contas duplicadas podem gerar multa de at\u00e9 R$ 13 milh\u00f5es \u00e0 Enel Distribui\u00e7\u00e3o"},"content":{"rendered":"<p><img loading=\"lazy\" decoding=\"async\" class=\"alignnone size-medium wp-image-13406\" src=\"http:\/\/blogdorogeriogomes.com.br\/wp-content\/uploads\/2019\/07\/images-75-300x224.jpeg\" alt=\"images (75)\" width=\"300\" height=\"224\" srcset=\"https:\/\/blogdorogeriogomes.com.br\/noticias\/wp-content\/uploads\/2019\/07\/images-75-300x224.jpeg 300w, https:\/\/blogdorogeriogomes.com.br\/noticias\/wp-content\/uploads\/2019\/07\/images-75.jpeg 592w\" sizes=\"auto, (max-width: 300px) 100vw, 300px\" \/><\/p>\n<p>O Procon Fortaleza resolveu agir no caso da duplicidade de contas de energia el\u00e9trica, que gerou den\u00fancias de consumidores neste m\u00eas de julho. O \u00f3rg\u00e3o de defesa do consumidor deu prazo de cinco dias para que a Enel Distribui\u00e7\u00e3o Cear\u00e1 preste esclarecimentos sobre as faturas de energia com vencimento no mesmo m\u00eas enviadas a clientes.<br \/>\nEm uma semana, entre 15 e 19 de julho, foram registradas no Procon de Fortaleza um total de 19 queixas por cobran\u00e7as duplicadas pela concession\u00e1ria de energia el\u00e9trica.<br \/>\nA Enel justifica que o envio de duas faturas se deve a uma mudan\u00e7a no sistema comercial da companhia, ocorrida a partir do in\u00edcio deste m\u00eas. A diretora do Procon Fortaleza, Cl\u00e1udia Santos, afirma que a concession\u00e1ria pode ser multada em at\u00e9 R$ 13 milh\u00f5es.<\/p>\n","protected":false},"excerpt":{"rendered":"<p>O Procon Fortaleza resolveu agir no caso da duplicidade de contas de energia el\u00e9trica, que gerou den\u00fancias de consumidores neste m\u00eas de julho. O \u00f3rg\u00e3o de defesa do consumidor deu prazo de cinco dias para que a Enel Distribui\u00e7\u00e3o Cear\u00e1 preste esclarecimentos sobre as faturas de energia com vencimento no mesmo m\u00eas enviadas a clientes. Em uma semana, entre 15 e 19 de julho, foram registradas no Procon de Fortaleza um total de 19 queixas por cobran\u00e7as duplicadas pela&hellip;<\/p>\n","protected":false},"author":1,"featured_media":0,"comment_status":"open","ping_status":"open","sticky":false,"template":"","format":"standard","meta":{"footnotes":""},"categories":[1],"tags":[],"class_list":["post-13405","post","type-post","status-publish","format-standard","hentry","category-noticias"],"_links":{"self":[{"href":"https:\/\/blogdorogeriogomes.com.br\/noticias\/wp-json\/wp\/v2\/posts\/13405","targetHints":{"allow":["GET"]}}],"collection":[{"href":"https:\/\/blogdorogeriogomes.com.br\/noticias\/wp-json\/wp\/v2\/posts"}],"about":[{"href":"https:\/\/blogdorogeriogomes.com.br\/noticias\/wp-json\/wp\/v2\/types\/post"}],"author":[{"embeddable":true,"href":"https:\/\/blogdorogeriogomes.com.br\/noticias\/wp-json\/wp\/v2\/users\/1"}],"replies":[{"embeddable":true,"href":"https:\/\/blogdorogeriogomes.com.br\/noticias\/wp-json\/wp\/v2\/comments?post=13405"}],"version-history":[{"count":1,"href":"https:\/\/blogdorogeriogomes.com.br\/noticias\/wp-json\/wp\/v2\/posts\/13405\/revisions"}],"predecessor-version":[{"id":13407,"href":"https:\/\/blogdorogeriogomes.com.br\/noticias\/wp-json\/wp\/v2\/posts\/13405\/revisions\/13407"}],"wp:attachment":[{"href":"https:\/\/blogdorogeriogomes.com.br\/noticias\/wp-json\/wp\/v2\/media?parent=13405"}],"wp:term":[{"taxonomy":"category","embeddable":true,"href":"https:\/\/blogdorogeriogomes.com.br\/noticias\/wp-json\/wp\/v2\/categories?post=13405"},{"taxonomy":"post_tag","embeddable":true,"href":"https:\/\/blogdorogeriogomes.com.br\/noticias\/wp-json\/wp\/v2\/tags?post=13405"}],"curies":[{"name":"wp","href":"https:\/\/api.w.org\/{rel}","templated":true}]}}