{"id":13409,"date":"2019-07-24T08:15:57","date_gmt":"2019-07-24T08:15:57","guid":{"rendered":"http:\/\/blogdorogeriogomes.com.br\/?p=13409"},"modified":"2019-07-24T08:15:57","modified_gmt":"2019-07-24T08:15:57","slug":"aprece-avalia-que-numero-de-cidades-do-ceara-em-estado-de-emergencia-deve-aumentar","status":"publish","type":"post","link":"https:\/\/blogdorogeriogomes.com.br\/noticias\/2019\/07\/aprece-avalia-que-numero-de-cidades-do-ceara-em-estado-de-emergencia-deve-aumentar\/","title":{"rendered":"Aprece avalia que n\u00famero de cidades do Cear\u00e1 em estado de emerg\u00eancia deve aumentar"},"content":{"rendered":"<p><img loading=\"lazy\" decoding=\"async\" class=\"alignnone size-medium wp-image-13410\" src=\"http:\/\/blogdorogeriogomes.com.br\/wp-content\/uploads\/2019\/07\/IMG_20190724_051218_743-300x204.jpg\" alt=\"IMG_20190724_051218_743\" width=\"300\" height=\"204\" srcset=\"https:\/\/blogdorogeriogomes.com.br\/noticias\/wp-content\/uploads\/2019\/07\/IMG_20190724_051218_743-300x204.jpg 300w, https:\/\/blogdorogeriogomes.com.br\/noticias\/wp-content\/uploads\/2019\/07\/IMG_20190724_051218_743.jpg 659w\" sizes=\"auto, (max-width: 300px) 100vw, 300px\" \/><\/p>\n<p>O maior problema nas 22 cidades cearenses, que tiveram decretada a situa\u00e7\u00e3o de emerg\u00eancia, \u00e9 a dificuldade de abastecimento de \u00e1gua, principalmente, nas \u00e1reas rurais, como tamb\u00e9m a perda de safra agr\u00edcola devido \u00e0s baixas precipita\u00e7\u00f5es este ano.<br \/>\nO principal atendimento \u00e0s cidades atingidas pela seca no Cear\u00e1 consiste no abastecimento de \u00e1gua com o uso de carros pipa. Servi\u00e7o que tem a responsabilidade dividida pelos Governos Federal e Estadual.<br \/>\nO Ex\u00e9rcito atende hoje 24 munic\u00edpios cearenses com a opera\u00e7\u00e3o carro pipa nas \u00e1reas rurais. A Defesa Civil do Estado ajuda no abastecimento de zonas urbanas em cinco cidades do interior.<br \/>\nDe acordo com o presidente da Associa\u00e7\u00e3o dos Prefeitos do Cear\u00e1, Nilson Diniz, o n\u00famero de munic\u00edpios do Cear\u00e1 em estado de emerg\u00eancia, por causa da seca, deve aumentar. E, consequentemente, o pedido por mais carros pipa.<\/p>\n","protected":false},"excerpt":{"rendered":"<p>O maior problema nas 22 cidades cearenses, que tiveram decretada a situa\u00e7\u00e3o de emerg\u00eancia, \u00e9 a dificuldade de abastecimento de \u00e1gua, principalmente, nas \u00e1reas rurais, como tamb\u00e9m a perda de safra agr\u00edcola devido \u00e0s baixas precipita\u00e7\u00f5es este ano. O principal atendimento \u00e0s cidades atingidas pela seca no Cear\u00e1 consiste no abastecimento de \u00e1gua com o uso de carros pipa. Servi\u00e7o que tem a responsabilidade dividida pelos Governos Federal e Estadual. O Ex\u00e9rcito atende hoje 24 munic\u00edpios cearenses com a&hellip;<\/p>\n","protected":false},"author":1,"featured_media":0,"comment_status":"open","ping_status":"open","sticky":false,"template":"","format":"standard","meta":{"footnotes":""},"categories":[1],"tags":[],"class_list":["post-13409","post","type-post","status-publish","format-standard","hentry","category-noticias"],"_links":{"self":[{"href":"https:\/\/blogdorogeriogomes.com.br\/noticias\/wp-json\/wp\/v2\/posts\/13409","targetHints":{"allow":["GET"]}}],"collection":[{"href":"https:\/\/blogdorogeriogomes.com.br\/noticias\/wp-json\/wp\/v2\/posts"}],"about":[{"href":"https:\/\/blogdorogeriogomes.com.br\/noticias\/wp-json\/wp\/v2\/types\/post"}],"author":[{"embeddable":true,"href":"https:\/\/blogdorogeriogomes.com.br\/noticias\/wp-json\/wp\/v2\/users\/1"}],"replies":[{"embeddable":true,"href":"https:\/\/blogdorogeriogomes.com.br\/noticias\/wp-json\/wp\/v2\/comments?post=13409"}],"version-history":[{"count":1,"href":"https:\/\/blogdorogeriogomes.com.br\/noticias\/wp-json\/wp\/v2\/posts\/13409\/revisions"}],"predecessor-version":[{"id":13411,"href":"https:\/\/blogdorogeriogomes.com.br\/noticias\/wp-json\/wp\/v2\/posts\/13409\/revisions\/13411"}],"wp:attachment":[{"href":"https:\/\/blogdorogeriogomes.com.br\/noticias\/wp-json\/wp\/v2\/media?parent=13409"}],"wp:term":[{"taxonomy":"category","embeddable":true,"href":"https:\/\/blogdorogeriogomes.com.br\/noticias\/wp-json\/wp\/v2\/categories?post=13409"},{"taxonomy":"post_tag","embeddable":true,"href":"https:\/\/blogdorogeriogomes.com.br\/noticias\/wp-json\/wp\/v2\/tags?post=13409"}],"curies":[{"name":"wp","href":"https:\/\/api.w.org\/{rel}","templated":true}]}}