{"id":13417,"date":"2019-07-24T21:28:06","date_gmt":"2019-07-24T21:28:06","guid":{"rendered":"http:\/\/blogdorogeriogomes.com.br\/?p=13417"},"modified":"2019-07-24T21:28:06","modified_gmt":"2019-07-24T21:28:06","slug":"em-visita-ao-ceara-toffoli-se-encontra-com-camilo-santana-no-palacio-da-abolicao","status":"publish","type":"post","link":"https:\/\/blogdorogeriogomes.com.br\/noticias\/2019\/07\/em-visita-ao-ceara-toffoli-se-encontra-com-camilo-santana-no-palacio-da-abolicao\/","title":{"rendered":"Em visita ao Cear\u00e1, Toffoli se encontra com Camilo Santana no Pal\u00e1cio da Aboli\u00e7\u00e3o"},"content":{"rendered":"<p><img loading=\"lazy\" decoding=\"async\" class=\"alignnone size-medium wp-image-13418\" src=\"http:\/\/blogdorogeriogomes.com.br\/wp-content\/uploads\/2019\/07\/IMG_20190724_182039_318-300x217.jpg\" alt=\"IMG_20190724_182039_318\" width=\"300\" height=\"217\" srcset=\"https:\/\/blogdorogeriogomes.com.br\/noticias\/wp-content\/uploads\/2019\/07\/IMG_20190724_182039_318-300x217.jpg 300w, https:\/\/blogdorogeriogomes.com.br\/noticias\/wp-content\/uploads\/2019\/07\/IMG_20190724_182039_318-768x555.jpg 768w, https:\/\/blogdorogeriogomes.com.br\/noticias\/wp-content\/uploads\/2019\/07\/IMG_20190724_182039_318-1024x740.jpg 1024w, https:\/\/blogdorogeriogomes.com.br\/noticias\/wp-content\/uploads\/2019\/07\/IMG_20190724_182039_318.jpg 1107w\" sizes=\"auto, (max-width: 300px) 100vw, 300px\" \/><\/p>\n<p>O presidente do Supremo Tribunal Federal, Dias Toffoli, foi recebido pelo governador do Cear\u00e1, Camilo Santana, nesta quarta-feira, dia 24 de julho, no Pal\u00e1cio da Aboli\u00e7\u00e3o, em Fortaleza. A visita teve car\u00e1ter institucional e serviu para o chefe do Executivo destacar investimentos do Governo em seguran\u00e7a p\u00fablica e educa\u00e7\u00e3o. O presidente do STF, Dias Toffoli, tem visitado v\u00e1rios estados brasileiros com o intuito de conhecer os contextos locais do Poder Judici\u00e1rio pelo Pa\u00eds.<br \/>\nSobre a seguran\u00e7a p\u00fablica, o governador refor\u00e7ou a import\u00e2ncia da coopera\u00e7\u00e3o entre os Poderes Executivo, Judici\u00e1rio e Legislativo em programas para o Estado, como o Pacto por um Cear\u00e1 Pac\u00edfico e o Tempo de Justi\u00e7a. Na educa\u00e7\u00e3o, Camilo Santana lembrou que o Cear\u00e1 tem se destacado como refer\u00eancia educacional para todo o pa\u00eds, com n\u00fameros de alfabetiza\u00e7\u00e3o na idade certa, alunos bem avaliados em todas as s\u00e9ries e aprova\u00e7\u00f5es no Ensino Superior.<\/p>\n","protected":false},"excerpt":{"rendered":"<p>O presidente do Supremo Tribunal Federal, Dias Toffoli, foi recebido pelo governador do Cear\u00e1, Camilo Santana, nesta quarta-feira, dia 24 de julho, no Pal\u00e1cio da Aboli\u00e7\u00e3o, em Fortaleza. A visita teve car\u00e1ter institucional e serviu para o chefe do Executivo destacar investimentos do Governo em seguran\u00e7a p\u00fablica e educa\u00e7\u00e3o. O presidente do STF, Dias Toffoli, tem visitado v\u00e1rios estados brasileiros com o intuito de conhecer os contextos locais do Poder Judici\u00e1rio pelo Pa\u00eds. Sobre a seguran\u00e7a p\u00fablica, o governador&hellip;<\/p>\n","protected":false},"author":1,"featured_media":0,"comment_status":"open","ping_status":"open","sticky":false,"template":"","format":"standard","meta":{"footnotes":""},"categories":[1],"tags":[],"class_list":["post-13417","post","type-post","status-publish","format-standard","hentry","category-noticias"],"_links":{"self":[{"href":"https:\/\/blogdorogeriogomes.com.br\/noticias\/wp-json\/wp\/v2\/posts\/13417","targetHints":{"allow":["GET"]}}],"collection":[{"href":"https:\/\/blogdorogeriogomes.com.br\/noticias\/wp-json\/wp\/v2\/posts"}],"about":[{"href":"https:\/\/blogdorogeriogomes.com.br\/noticias\/wp-json\/wp\/v2\/types\/post"}],"author":[{"embeddable":true,"href":"https:\/\/blogdorogeriogomes.com.br\/noticias\/wp-json\/wp\/v2\/users\/1"}],"replies":[{"embeddable":true,"href":"https:\/\/blogdorogeriogomes.com.br\/noticias\/wp-json\/wp\/v2\/comments?post=13417"}],"version-history":[{"count":1,"href":"https:\/\/blogdorogeriogomes.com.br\/noticias\/wp-json\/wp\/v2\/posts\/13417\/revisions"}],"predecessor-version":[{"id":13419,"href":"https:\/\/blogdorogeriogomes.com.br\/noticias\/wp-json\/wp\/v2\/posts\/13417\/revisions\/13419"}],"wp:attachment":[{"href":"https:\/\/blogdorogeriogomes.com.br\/noticias\/wp-json\/wp\/v2\/media?parent=13417"}],"wp:term":[{"taxonomy":"category","embeddable":true,"href":"https:\/\/blogdorogeriogomes.com.br\/noticias\/wp-json\/wp\/v2\/categories?post=13417"},{"taxonomy":"post_tag","embeddable":true,"href":"https:\/\/blogdorogeriogomes.com.br\/noticias\/wp-json\/wp\/v2\/tags?post=13417"}],"curies":[{"name":"wp","href":"https:\/\/api.w.org\/{rel}","templated":true}]}}