{"id":13423,"date":"2019-07-25T09:40:06","date_gmt":"2019-07-25T09:40:06","guid":{"rendered":"http:\/\/blogdorogeriogomes.com.br\/?p=13423"},"modified":"2019-07-25T09:40:06","modified_gmt":"2019-07-25T09:40:06","slug":"prefeitura-deve-realizar-licitacao-para-melhorias-de-quatro-grandes-avenidas-de-fortaleza","status":"publish","type":"post","link":"https:\/\/blogdorogeriogomes.com.br\/noticias\/2019\/07\/prefeitura-deve-realizar-licitacao-para-melhorias-de-quatro-grandes-avenidas-de-fortaleza\/","title":{"rendered":"Prefeitura deve realizar licita\u00e7\u00e3o para melhorias de quatro grandes avenidas de Fortaleza"},"content":{"rendered":"<p><img loading=\"lazy\" decoding=\"async\" class=\"alignnone size-medium wp-image-13424\" src=\"http:\/\/blogdorogeriogomes.com.br\/wp-content\/uploads\/2019\/07\/IMG_20190725_063203_334-300x243.jpg\" alt=\"IMG_20190725_063203_334\" width=\"300\" height=\"243\" srcset=\"https:\/\/blogdorogeriogomes.com.br\/noticias\/wp-content\/uploads\/2019\/07\/IMG_20190725_063203_334-300x243.jpg 300w, https:\/\/blogdorogeriogomes.com.br\/noticias\/wp-content\/uploads\/2019\/07\/IMG_20190725_063203_334.jpg 592w\" sizes=\"auto, (max-width: 300px) 100vw, 300px\" \/><br \/>\nA Secretaria Municipal da Infraestrutura (Seinf) deve realizar licita\u00e7\u00e3o em agosto para contratar a execu\u00e7\u00e3o dos servi\u00e7os de melhorias na infraestrutura vi\u00e1ria das avenidas Dom Lu\u00eds, Desembargador Moreira, Aboli\u00e7\u00e3o e Raul Barbosa (foto), em Fortaleza. O objetivo \u00e9 requalificar os quatro corredores considerados de grande fluxo e importantes para o setor tur\u00edstico da Capital.<br \/>\nA previs\u00e3o \u00e9 que as obras comecem no in\u00edcio de outubro e prossigam at\u00e9 dezembro. A Autarquia Municipal de Tr\u00e2nsito e Cidadania (AMC) aponta que as quatro avenidas t\u00eam um fluxo m\u00e9dio di\u00e1rio de 175.355 ve\u00edculos. A que recebe maior fluxo \u00e9 a avenida Raul Barbosa, por onde passam, diariamente, quase 76 mil ve\u00edculos.<\/p>\n","protected":false},"excerpt":{"rendered":"<p>A Secretaria Municipal da Infraestrutura (Seinf) deve realizar licita\u00e7\u00e3o em agosto para contratar a execu\u00e7\u00e3o dos servi\u00e7os de melhorias na infraestrutura vi\u00e1ria das avenidas Dom Lu\u00eds, Desembargador Moreira, Aboli\u00e7\u00e3o e Raul Barbosa (foto), em Fortaleza. O objetivo \u00e9 requalificar os quatro corredores considerados de grande fluxo e importantes para o setor tur\u00edstico da Capital. A previs\u00e3o \u00e9 que as obras comecem no in\u00edcio de outubro e prossigam at\u00e9 dezembro. A Autarquia Municipal de Tr\u00e2nsito e Cidadania (AMC) aponta que&hellip;<\/p>\n","protected":false},"author":1,"featured_media":0,"comment_status":"open","ping_status":"open","sticky":false,"template":"","format":"standard","meta":{"footnotes":""},"categories":[1],"tags":[],"class_list":["post-13423","post","type-post","status-publish","format-standard","hentry","category-noticias"],"_links":{"self":[{"href":"https:\/\/blogdorogeriogomes.com.br\/noticias\/wp-json\/wp\/v2\/posts\/13423","targetHints":{"allow":["GET"]}}],"collection":[{"href":"https:\/\/blogdorogeriogomes.com.br\/noticias\/wp-json\/wp\/v2\/posts"}],"about":[{"href":"https:\/\/blogdorogeriogomes.com.br\/noticias\/wp-json\/wp\/v2\/types\/post"}],"author":[{"embeddable":true,"href":"https:\/\/blogdorogeriogomes.com.br\/noticias\/wp-json\/wp\/v2\/users\/1"}],"replies":[{"embeddable":true,"href":"https:\/\/blogdorogeriogomes.com.br\/noticias\/wp-json\/wp\/v2\/comments?post=13423"}],"version-history":[{"count":1,"href":"https:\/\/blogdorogeriogomes.com.br\/noticias\/wp-json\/wp\/v2\/posts\/13423\/revisions"}],"predecessor-version":[{"id":13425,"href":"https:\/\/blogdorogeriogomes.com.br\/noticias\/wp-json\/wp\/v2\/posts\/13423\/revisions\/13425"}],"wp:attachment":[{"href":"https:\/\/blogdorogeriogomes.com.br\/noticias\/wp-json\/wp\/v2\/media?parent=13423"}],"wp:term":[{"taxonomy":"category","embeddable":true,"href":"https:\/\/blogdorogeriogomes.com.br\/noticias\/wp-json\/wp\/v2\/categories?post=13423"},{"taxonomy":"post_tag","embeddable":true,"href":"https:\/\/blogdorogeriogomes.com.br\/noticias\/wp-json\/wp\/v2\/tags?post=13423"}],"curies":[{"name":"wp","href":"https:\/\/api.w.org\/{rel}","templated":true}]}}