{"id":13426,"date":"2019-07-25T10:14:32","date_gmt":"2019-07-25T10:14:32","guid":{"rendered":"http:\/\/blogdorogeriogomes.com.br\/?p=13426"},"modified":"2019-07-25T10:14:32","modified_gmt":"2019-07-25T10:14:32","slug":"prisao-de-suspeitos-fortalece-discurso-de-moro-mas-nao-minimiza-teor-das-mensagens-trocadas-por-procuradores-da-lava-jato","status":"publish","type":"post","link":"https:\/\/blogdorogeriogomes.com.br\/noticias\/2019\/07\/prisao-de-suspeitos-fortalece-discurso-de-moro-mas-nao-minimiza-teor-das-mensagens-trocadas-por-procuradores-da-lava-jato\/","title":{"rendered":"Pris\u00e3o de suspeitos fortalece discurso de Moro, mas n\u00e3o minimiza teor das mensagens trocadas por procuradores da Lava Jato"},"content":{"rendered":"<p><img loading=\"lazy\" decoding=\"async\" class=\"alignnone size-medium wp-image-13427\" src=\"http:\/\/blogdorogeriogomes.com.br\/wp-content\/uploads\/2019\/07\/IMG_20190725_070930_690-300x270.jpg\" alt=\"IMG_20190725_070930_690\" width=\"300\" height=\"270\" srcset=\"https:\/\/blogdorogeriogomes.com.br\/noticias\/wp-content\/uploads\/2019\/07\/IMG_20190725_070930_690-300x270.jpg 300w, https:\/\/blogdorogeriogomes.com.br\/noticias\/wp-content\/uploads\/2019\/07\/IMG_20190725_070930_690-768x692.jpg 768w, https:\/\/blogdorogeriogomes.com.br\/noticias\/wp-content\/uploads\/2019\/07\/IMG_20190725_070930_690-1024x923.jpg 1024w, https:\/\/blogdorogeriogomes.com.br\/noticias\/wp-content\/uploads\/2019\/07\/IMG_20190725_070930_690.jpg 1776w\" sizes=\"auto, (max-width: 300px) 100vw, 300px\" \/><\/p>\n<p>A pris\u00e3o dos suspeitos de invadir telefones do ministro da Justi\u00e7a, Sergio Moro, e do procurador Deltan Dallagnol, fortalece o discurso p\u00fablico do ex-juiz, mas n\u00e3o d\u00e1 fim aos questionamentos que ele e investigadores de Curitiba est\u00e3o enfrentando na Justi\u00e7a e em conselhos de classe. De acordo com a Coluna Painel, da Folha de S\u00e3o Paulo, esta \u00e9 a avalia\u00e7\u00e3o de ministros do STF e de integrantes da c\u00fapula do Congresso. A ala do Supremo cr\u00edtica \u00e0 Lava Jato sustenta que o cerne do problema permanece e est\u00e1 no conte\u00fado das conversas.<br \/>\nA tend\u00eancia, a partir de agora, \u00e9 a intensifica\u00e7\u00e3o do embate entre defensores radicais da Lava Jato e os legalistas que se op\u00f5em \u00e0s manipula\u00e7\u00f5es que Moro e procuradores cometeram na condu\u00e7\u00e3o dos processos.<br \/>\nWalter Delgatti Neto, apelidado de \u201cVermelho\u201d, preso na ter\u00e7a-feira, dia 23 de julho, por suspeita de &#8220;hackear&#8221; autoridades, afirmou a investigadores da chamada Opera\u00e7\u00e3o Spoofing ter dado ao jornalista Glenn Greenwald acesso a informa\u00e7\u00f5es capturadas do aplicativo Telegram, mas n\u00e3o apresentou nenhuma prova.<br \/>\nAinda na quarta-feira, dia 24, o advogado de Delgatti alegou que seu cliente tem problemas psiqui\u00e1tricos, como Ad\u00e9lio Bispo. O que se vier a ser condenado pode lhe garantir uma pris\u00e3o hospitalar ou domiciliar. Muito estranho.<\/p>\n","protected":false},"excerpt":{"rendered":"<p>A pris\u00e3o dos suspeitos de invadir telefones do ministro da Justi\u00e7a, Sergio Moro, e do procurador Deltan Dallagnol, fortalece o discurso p\u00fablico do ex-juiz, mas n\u00e3o d\u00e1 fim aos questionamentos que ele e investigadores de Curitiba est\u00e3o enfrentando na Justi\u00e7a e em conselhos de classe. De acordo com a Coluna Painel, da Folha de S\u00e3o Paulo, esta \u00e9 a avalia\u00e7\u00e3o de ministros do STF e de integrantes da c\u00fapula do Congresso. A ala do Supremo cr\u00edtica \u00e0 Lava Jato&hellip;<\/p>\n","protected":false},"author":1,"featured_media":0,"comment_status":"open","ping_status":"open","sticky":false,"template":"","format":"standard","meta":{"footnotes":""},"categories":[1],"tags":[],"class_list":["post-13426","post","type-post","status-publish","format-standard","hentry","category-noticias"],"_links":{"self":[{"href":"https:\/\/blogdorogeriogomes.com.br\/noticias\/wp-json\/wp\/v2\/posts\/13426","targetHints":{"allow":["GET"]}}],"collection":[{"href":"https:\/\/blogdorogeriogomes.com.br\/noticias\/wp-json\/wp\/v2\/posts"}],"about":[{"href":"https:\/\/blogdorogeriogomes.com.br\/noticias\/wp-json\/wp\/v2\/types\/post"}],"author":[{"embeddable":true,"href":"https:\/\/blogdorogeriogomes.com.br\/noticias\/wp-json\/wp\/v2\/users\/1"}],"replies":[{"embeddable":true,"href":"https:\/\/blogdorogeriogomes.com.br\/noticias\/wp-json\/wp\/v2\/comments?post=13426"}],"version-history":[{"count":1,"href":"https:\/\/blogdorogeriogomes.com.br\/noticias\/wp-json\/wp\/v2\/posts\/13426\/revisions"}],"predecessor-version":[{"id":13428,"href":"https:\/\/blogdorogeriogomes.com.br\/noticias\/wp-json\/wp\/v2\/posts\/13426\/revisions\/13428"}],"wp:attachment":[{"href":"https:\/\/blogdorogeriogomes.com.br\/noticias\/wp-json\/wp\/v2\/media?parent=13426"}],"wp:term":[{"taxonomy":"category","embeddable":true,"href":"https:\/\/blogdorogeriogomes.com.br\/noticias\/wp-json\/wp\/v2\/categories?post=13426"},{"taxonomy":"post_tag","embeddable":true,"href":"https:\/\/blogdorogeriogomes.com.br\/noticias\/wp-json\/wp\/v2\/tags?post=13426"}],"curies":[{"name":"wp","href":"https:\/\/api.w.org\/{rel}","templated":true}]}}