{"id":13432,"date":"2019-07-25T21:40:11","date_gmt":"2019-07-25T21:40:11","guid":{"rendered":"http:\/\/blogdorogeriogomes.com.br\/?p=13432"},"modified":"2019-07-25T21:40:11","modified_gmt":"2019-07-25T21:40:11","slug":"camilo-santana-e-jaques-wagner-visitam-ex-presidente-lula-na-prisao-em-curitiba","status":"publish","type":"post","link":"https:\/\/blogdorogeriogomes.com.br\/noticias\/2019\/07\/camilo-santana-e-jaques-wagner-visitam-ex-presidente-lula-na-prisao-em-curitiba\/","title":{"rendered":"Camilo Santana e Jaques Wagner visitam ex-presidente Lula na pris\u00e3o em Curitiba"},"content":{"rendered":"<p><img loading=\"lazy\" decoding=\"async\" class=\"alignnone size-medium wp-image-13433\" src=\"http:\/\/blogdorogeriogomes.com.br\/wp-content\/uploads\/2019\/07\/IMG_20190725_183640_885-300x169.jpg\" alt=\"IMG_20190725_183640_885\" width=\"300\" height=\"169\" srcset=\"https:\/\/blogdorogeriogomes.com.br\/noticias\/wp-content\/uploads\/2019\/07\/IMG_20190725_183640_885-300x169.jpg 300w, https:\/\/blogdorogeriogomes.com.br\/noticias\/wp-content\/uploads\/2019\/07\/IMG_20190725_183640_885.jpg 400w\" sizes=\"auto, (max-width: 300px) 100vw, 300px\" \/><\/p>\n<p>Em meio \u00e0s pol\u00eamicas envolvendo o presidente Bolsonaro e os governadores do Nordeste, os petistas Jaques Wagner, senador pela Bahia, e Camilo Santana, governador pelo Cear\u00e1, visitaram o ex-presidente Lula, na sede da superintend\u00eancia da Pol\u00edcia Federal, em Curitiba, nesta quinta-feira, dia 25 de julho, onde ele est\u00e1 preso desde abril do ano passado. Bolsonaro chamou governadores nordestinos de \u201cpara\u00edbas\u201d.<br \/>\nEsta \u00e9 a primeira vez que Camilo Santana visita Lula na carceragem da PF, depois dele e de outros governadores do Nordeste terem sido proibidos pela Justi\u00e7a, no \u00faltimo m\u00eas de abril de se encontrar com o ex-presidente.<br \/>\nCamilo Santana ressaltou que a visita foi uma demonstra\u00e7\u00e3o de solidariedade com Lula, que tanto fez pelo povo sofrido do Nordeste. \u201cLula sempre foi sin\u00f4nimo de esperan\u00e7a\u201d, disse.<\/p>\n","protected":false},"excerpt":{"rendered":"<p>Em meio \u00e0s pol\u00eamicas envolvendo o presidente Bolsonaro e os governadores do Nordeste, os petistas Jaques Wagner, senador pela Bahia, e Camilo Santana, governador pelo Cear\u00e1, visitaram o ex-presidente Lula, na sede da superintend\u00eancia da Pol\u00edcia Federal, em Curitiba, nesta quinta-feira, dia 25 de julho, onde ele est\u00e1 preso desde abril do ano passado. Bolsonaro chamou governadores nordestinos de \u201cpara\u00edbas\u201d. Esta \u00e9 a primeira vez que Camilo Santana visita Lula na carceragem da PF, depois dele e de outros&hellip;<\/p>\n","protected":false},"author":1,"featured_media":0,"comment_status":"open","ping_status":"open","sticky":false,"template":"","format":"standard","meta":{"footnotes":""},"categories":[1],"tags":[],"class_list":["post-13432","post","type-post","status-publish","format-standard","hentry","category-noticias"],"_links":{"self":[{"href":"https:\/\/blogdorogeriogomes.com.br\/noticias\/wp-json\/wp\/v2\/posts\/13432","targetHints":{"allow":["GET"]}}],"collection":[{"href":"https:\/\/blogdorogeriogomes.com.br\/noticias\/wp-json\/wp\/v2\/posts"}],"about":[{"href":"https:\/\/blogdorogeriogomes.com.br\/noticias\/wp-json\/wp\/v2\/types\/post"}],"author":[{"embeddable":true,"href":"https:\/\/blogdorogeriogomes.com.br\/noticias\/wp-json\/wp\/v2\/users\/1"}],"replies":[{"embeddable":true,"href":"https:\/\/blogdorogeriogomes.com.br\/noticias\/wp-json\/wp\/v2\/comments?post=13432"}],"version-history":[{"count":1,"href":"https:\/\/blogdorogeriogomes.com.br\/noticias\/wp-json\/wp\/v2\/posts\/13432\/revisions"}],"predecessor-version":[{"id":13434,"href":"https:\/\/blogdorogeriogomes.com.br\/noticias\/wp-json\/wp\/v2\/posts\/13432\/revisions\/13434"}],"wp:attachment":[{"href":"https:\/\/blogdorogeriogomes.com.br\/noticias\/wp-json\/wp\/v2\/media?parent=13432"}],"wp:term":[{"taxonomy":"category","embeddable":true,"href":"https:\/\/blogdorogeriogomes.com.br\/noticias\/wp-json\/wp\/v2\/categories?post=13432"},{"taxonomy":"post_tag","embeddable":true,"href":"https:\/\/blogdorogeriogomes.com.br\/noticias\/wp-json\/wp\/v2\/tags?post=13432"}],"curies":[{"name":"wp","href":"https:\/\/api.w.org\/{rel}","templated":true}]}}