{"id":13435,"date":"2019-07-26T08:10:54","date_gmt":"2019-07-26T08:10:54","guid":{"rendered":"http:\/\/blogdorogeriogomes.com.br\/?p=13435"},"modified":"2019-07-26T08:10:54","modified_gmt":"2019-07-26T08:10:54","slug":"com-desemprego-em-alta-ceara-perde-sete-mil-postos-de-trabalho-no-1o-semestre","status":"publish","type":"post","link":"https:\/\/blogdorogeriogomes.com.br\/noticias\/2019\/07\/com-desemprego-em-alta-ceara-perde-sete-mil-postos-de-trabalho-no-1o-semestre\/","title":{"rendered":"Com desemprego em alta, Cear\u00e1 perde sete mil postos de trabalho no 1\u00ba semestre"},"content":{"rendered":"<p><img loading=\"lazy\" decoding=\"async\" class=\"alignnone size-medium wp-image-13436\" src=\"http:\/\/blogdorogeriogomes.com.br\/wp-content\/uploads\/2019\/07\/IMG_20190726_050745_710-300x225.jpg\" alt=\"IMG_20190726_050745_710\" width=\"300\" height=\"225\" srcset=\"https:\/\/blogdorogeriogomes.com.br\/noticias\/wp-content\/uploads\/2019\/07\/IMG_20190726_050745_710-300x225.jpg 300w, https:\/\/blogdorogeriogomes.com.br\/noticias\/wp-content\/uploads\/2019\/07\/IMG_20190726_050745_710.jpg 640w\" sizes=\"auto, (max-width: 300px) 100vw, 300px\" \/><\/p>\n<p>No ano passado, ainda durante o Governo Michel Temer, foi aprovada uma reforma trabalhista no Congresso Nacional sob a premissa de cria\u00e7\u00e3o de milhares de empregos. Veio o Governo Bolsonaro e com a continuidade da retra\u00e7\u00e3o da economia, o trabalhador cada vez mais sufocado e consumindo menos, qual o resultado? Mais desemprego.<br \/>\nDe acordo com n\u00fameros do Cadastro Geral de Empregados e Desempregados (Caged), o Cear\u00e1 perdeu mais de 10 mil empregos com carteira assinada no primeiro semestre de 2019. Com\u00e9rcio, constru\u00e7\u00e3o civil e ind\u00fastria da transforma\u00e7\u00e3o lideram os setores com maior n\u00famero de desempregados.<br \/>\nNo com\u00e9rcio, de janeiro a junho, foram perdidas 4.704 vagas de trabalho, n\u00famero que decorre de 43.228 admiss\u00f5es e 47.932 desligamentos. Tamb\u00e9m foram penalizados pela recess\u00e3o econ\u00f4mica os empregos na constru\u00e7\u00e3o civil, com 4.278 vagas formais a menos. A ind\u00fastria de transforma\u00e7\u00e3o aparece logo em seguida na lista com 1.985 postos. Juntos, os tr\u00eas segmentos acumulam perdas de 10.967 empregos formais no per\u00edodo.<\/p>\n","protected":false},"excerpt":{"rendered":"<p>No ano passado, ainda durante o Governo Michel Temer, foi aprovada uma reforma trabalhista no Congresso Nacional sob a premissa de cria\u00e7\u00e3o de milhares de empregos. Veio o Governo Bolsonaro e com a continuidade da retra\u00e7\u00e3o da economia, o trabalhador cada vez mais sufocado e consumindo menos, qual o resultado? Mais desemprego. De acordo com n\u00fameros do Cadastro Geral de Empregados e Desempregados (Caged), o Cear\u00e1 perdeu mais de 10 mil empregos com carteira assinada no primeiro semestre de&hellip;<\/p>\n","protected":false},"author":1,"featured_media":0,"comment_status":"open","ping_status":"open","sticky":false,"template":"","format":"standard","meta":{"footnotes":""},"categories":[1],"tags":[],"class_list":["post-13435","post","type-post","status-publish","format-standard","hentry","category-noticias"],"_links":{"self":[{"href":"https:\/\/blogdorogeriogomes.com.br\/noticias\/wp-json\/wp\/v2\/posts\/13435","targetHints":{"allow":["GET"]}}],"collection":[{"href":"https:\/\/blogdorogeriogomes.com.br\/noticias\/wp-json\/wp\/v2\/posts"}],"about":[{"href":"https:\/\/blogdorogeriogomes.com.br\/noticias\/wp-json\/wp\/v2\/types\/post"}],"author":[{"embeddable":true,"href":"https:\/\/blogdorogeriogomes.com.br\/noticias\/wp-json\/wp\/v2\/users\/1"}],"replies":[{"embeddable":true,"href":"https:\/\/blogdorogeriogomes.com.br\/noticias\/wp-json\/wp\/v2\/comments?post=13435"}],"version-history":[{"count":1,"href":"https:\/\/blogdorogeriogomes.com.br\/noticias\/wp-json\/wp\/v2\/posts\/13435\/revisions"}],"predecessor-version":[{"id":13437,"href":"https:\/\/blogdorogeriogomes.com.br\/noticias\/wp-json\/wp\/v2\/posts\/13435\/revisions\/13437"}],"wp:attachment":[{"href":"https:\/\/blogdorogeriogomes.com.br\/noticias\/wp-json\/wp\/v2\/media?parent=13435"}],"wp:term":[{"taxonomy":"category","embeddable":true,"href":"https:\/\/blogdorogeriogomes.com.br\/noticias\/wp-json\/wp\/v2\/categories?post=13435"},{"taxonomy":"post_tag","embeddable":true,"href":"https:\/\/blogdorogeriogomes.com.br\/noticias\/wp-json\/wp\/v2\/tags?post=13435"}],"curies":[{"name":"wp","href":"https:\/\/api.w.org\/{rel}","templated":true}]}}