{"id":13447,"date":"2019-07-29T08:54:27","date_gmt":"2019-07-29T08:54:27","guid":{"rendered":"http:\/\/blogdorogeriogomes.com.br\/?p=13447"},"modified":"2019-07-29T08:54:27","modified_gmt":"2019-07-29T08:54:27","slug":"governadores-do-nordeste-se-reunem-na-bahia-e-discutem-relacao-com-o-governo-federal","status":"publish","type":"post","link":"https:\/\/blogdorogeriogomes.com.br\/noticias\/2019\/07\/governadores-do-nordeste-se-reunem-na-bahia-e-discutem-relacao-com-o-governo-federal\/","title":{"rendered":"Governadores do Nordeste se re\u00fanem na Bahia e discutem rela\u00e7\u00e3o com o Governo Federal"},"content":{"rendered":"<p><img loading=\"lazy\" decoding=\"async\" class=\"alignnone size-medium wp-image-13448\" src=\"http:\/\/blogdorogeriogomes.com.br\/wp-content\/uploads\/2019\/07\/IMG_20190729_054844_316-300x207.jpg\" alt=\"IMG_20190729_054844_316\" width=\"300\" height=\"207\" srcset=\"https:\/\/blogdorogeriogomes.com.br\/noticias\/wp-content\/uploads\/2019\/07\/IMG_20190729_054844_316-300x207.jpg 300w, https:\/\/blogdorogeriogomes.com.br\/noticias\/wp-content\/uploads\/2019\/07\/IMG_20190729_054844_316.jpg 654w\" sizes=\"auto, (max-width: 300px) 100vw, 300px\" \/><\/p>\n<p>Os governadores dos nove estados nordestinos, se re\u00fanem, nesta segunda-feira, dia 29 de julho, na Bahia. A pauta oficial \u00e9 a instala\u00e7\u00e3o do Cons\u00f3rcio Nordeste, que prev\u00ea parcerias entre os estados em diversas \u00e1reas. O encontro, por\u00e9m, sinaliza um gesto pol\u00edtico em rela\u00e7\u00e3o ao Governo Federal, ap\u00f3s declara\u00e7\u00f5es do presidente Jair Bolsonaro onde classificou os governadores da regi\u00e3o de \u201cpara\u00edbas\u201d.<br \/>\nA situa\u00e7\u00e3o de Bolsonaro \u00e9 vista com preocupa\u00e7\u00e3o no Nordeste, porque, al\u00e9m de ser uma regi\u00e3o governada, historicamente, por pol\u00edticos ligados a partidos de esquerda, foi a \u00fanica regi\u00e3o em que ele perdeu no segundo turno das elei\u00e7\u00f5es, registrando 30,3% dos votos v\u00e1lidos contra 69,7% de Fernando Haddad (PT).<br \/>\nO objetivo do cons\u00f3rcio \u00e9 firmar parcerias entre os estados nordestinos, para investimentos compartilhados, como a compra de medicamentos e realiza\u00e7\u00e3o de obras. As a\u00e7\u00f5es feitas em conjunto poder\u00e3o ser barateadas. A cria\u00e7\u00e3o do cons\u00f3rcio foi aprovada nas assembleias legislativas dos nove estados, inclusive, no Cear\u00e1, em maio passado.<\/p>\n","protected":false},"excerpt":{"rendered":"<p>Os governadores dos nove estados nordestinos, se re\u00fanem, nesta segunda-feira, dia 29 de julho, na Bahia. A pauta oficial \u00e9 a instala\u00e7\u00e3o do Cons\u00f3rcio Nordeste, que prev\u00ea parcerias entre os estados em diversas \u00e1reas. O encontro, por\u00e9m, sinaliza um gesto pol\u00edtico em rela\u00e7\u00e3o ao Governo Federal, ap\u00f3s declara\u00e7\u00f5es do presidente Jair Bolsonaro onde classificou os governadores da regi\u00e3o de \u201cpara\u00edbas\u201d. A situa\u00e7\u00e3o de Bolsonaro \u00e9 vista com preocupa\u00e7\u00e3o no Nordeste, porque, al\u00e9m de ser uma regi\u00e3o governada, historicamente, por&hellip;<\/p>\n","protected":false},"author":1,"featured_media":0,"comment_status":"open","ping_status":"open","sticky":false,"template":"","format":"standard","meta":{"footnotes":""},"categories":[1],"tags":[],"class_list":["post-13447","post","type-post","status-publish","format-standard","hentry","category-noticias"],"_links":{"self":[{"href":"https:\/\/blogdorogeriogomes.com.br\/noticias\/wp-json\/wp\/v2\/posts\/13447","targetHints":{"allow":["GET"]}}],"collection":[{"href":"https:\/\/blogdorogeriogomes.com.br\/noticias\/wp-json\/wp\/v2\/posts"}],"about":[{"href":"https:\/\/blogdorogeriogomes.com.br\/noticias\/wp-json\/wp\/v2\/types\/post"}],"author":[{"embeddable":true,"href":"https:\/\/blogdorogeriogomes.com.br\/noticias\/wp-json\/wp\/v2\/users\/1"}],"replies":[{"embeddable":true,"href":"https:\/\/blogdorogeriogomes.com.br\/noticias\/wp-json\/wp\/v2\/comments?post=13447"}],"version-history":[{"count":1,"href":"https:\/\/blogdorogeriogomes.com.br\/noticias\/wp-json\/wp\/v2\/posts\/13447\/revisions"}],"predecessor-version":[{"id":13449,"href":"https:\/\/blogdorogeriogomes.com.br\/noticias\/wp-json\/wp\/v2\/posts\/13447\/revisions\/13449"}],"wp:attachment":[{"href":"https:\/\/blogdorogeriogomes.com.br\/noticias\/wp-json\/wp\/v2\/media?parent=13447"}],"wp:term":[{"taxonomy":"category","embeddable":true,"href":"https:\/\/blogdorogeriogomes.com.br\/noticias\/wp-json\/wp\/v2\/categories?post=13447"},{"taxonomy":"post_tag","embeddable":true,"href":"https:\/\/blogdorogeriogomes.com.br\/noticias\/wp-json\/wp\/v2\/tags?post=13447"}],"curies":[{"name":"wp","href":"https:\/\/api.w.org\/{rel}","templated":true}]}}