{"id":13450,"date":"2019-07-29T09:07:00","date_gmt":"2019-07-29T09:07:00","guid":{"rendered":"http:\/\/blogdorogeriogomes.com.br\/?p=13450"},"modified":"2019-07-29T09:07:00","modified_gmt":"2019-07-29T09:07:00","slug":"sergio-moro-julgava-fraca-delacao-de-antonio-palocci-mas-a-divulgou-pouco-antes-da-eleicao","status":"publish","type":"post","link":"https:\/\/blogdorogeriogomes.com.br\/noticias\/2019\/07\/sergio-moro-julgava-fraca-delacao-de-antonio-palocci-mas-a-divulgou-pouco-antes-da-eleicao\/","title":{"rendered":"Sergio Moro julgava fraca dela\u00e7\u00e3o de Antonio Palocci, mas a divulgou pouco antes da elei\u00e7\u00e3o"},"content":{"rendered":"<p><img loading=\"lazy\" decoding=\"async\" class=\"alignnone size-medium wp-image-13451\" src=\"http:\/\/blogdorogeriogomes.com.br\/wp-content\/uploads\/2019\/07\/IMG_20190729_060354_544-300x182.jpg\" alt=\"IMG_20190729_060354_544\" width=\"300\" height=\"182\" srcset=\"https:\/\/blogdorogeriogomes.com.br\/noticias\/wp-content\/uploads\/2019\/07\/IMG_20190729_060354_544-300x182.jpg 300w, https:\/\/blogdorogeriogomes.com.br\/noticias\/wp-content\/uploads\/2019\/07\/IMG_20190729_060354_544.jpg 576w\" sizes=\"auto, (max-width: 300px) 100vw, 300px\" \/><\/p>\n<p>Reportagem dos jornalistas Ricardo Balthazar, da Folha de S\u00e3o Paulo, e Rafael Moro Martins, do The Intercept Brasil aponta que foi pol\u00edtica a decis\u00e3o de Sergio Moro de divulgar a dela\u00e7\u00e3o do ex-ministro Antonio Palocci seis dias antes do primeiro turno da elei\u00e7\u00e3o presidencial do ano passado. Segundo as mensagens trocadas entre procuradores da Lava Jato, o ex-juiz Sergio Moro, atual ministro da Justi\u00e7a do governo Bolsonaro, considerava fraca a dela\u00e7\u00e3o de Palocci.<br \/>\nPalocci fechou acordo de colabora\u00e7\u00e3o premiada com a Pol\u00edcia Federal em mar\u00e7o do ano passado. Ele recorreu \u00e0 PF ap\u00f3s ver frustrados seus esfor\u00e7os para conseguir um acordo com a Procuradoria-Geral da Rep\u00fablica e a for\u00e7a-tarefa \u00e0 frente da Lava Jato em Curitiba, que negociaram com o ex-ministro durante quase oito meses.<br \/>\nAs mensagens examinadas pela Folha e pelo Intercept mostram que os procuradores encerraram as negocia\u00e7\u00f5es ao concluir que a dela\u00e7\u00e3o de Palocci acrescentava pouco ao que os investigadores j\u00e1 sabiam e n\u00e3o inclu\u00eda provas capazes de sustentar os depoimentos que traziam novidades.<\/p>\n","protected":false},"excerpt":{"rendered":"<p>Reportagem dos jornalistas Ricardo Balthazar, da Folha de S\u00e3o Paulo, e Rafael Moro Martins, do The Intercept Brasil aponta que foi pol\u00edtica a decis\u00e3o de Sergio Moro de divulgar a dela\u00e7\u00e3o do ex-ministro Antonio Palocci seis dias antes do primeiro turno da elei\u00e7\u00e3o presidencial do ano passado. Segundo as mensagens trocadas entre procuradores da Lava Jato, o ex-juiz Sergio Moro, atual ministro da Justi\u00e7a do governo Bolsonaro, considerava fraca a dela\u00e7\u00e3o de Palocci. Palocci fechou acordo de colabora\u00e7\u00e3o premiada&hellip;<\/p>\n","protected":false},"author":1,"featured_media":0,"comment_status":"open","ping_status":"open","sticky":false,"template":"","format":"standard","meta":{"footnotes":""},"categories":[1],"tags":[],"class_list":["post-13450","post","type-post","status-publish","format-standard","hentry","category-noticias"],"_links":{"self":[{"href":"https:\/\/blogdorogeriogomes.com.br\/noticias\/wp-json\/wp\/v2\/posts\/13450","targetHints":{"allow":["GET"]}}],"collection":[{"href":"https:\/\/blogdorogeriogomes.com.br\/noticias\/wp-json\/wp\/v2\/posts"}],"about":[{"href":"https:\/\/blogdorogeriogomes.com.br\/noticias\/wp-json\/wp\/v2\/types\/post"}],"author":[{"embeddable":true,"href":"https:\/\/blogdorogeriogomes.com.br\/noticias\/wp-json\/wp\/v2\/users\/1"}],"replies":[{"embeddable":true,"href":"https:\/\/blogdorogeriogomes.com.br\/noticias\/wp-json\/wp\/v2\/comments?post=13450"}],"version-history":[{"count":1,"href":"https:\/\/blogdorogeriogomes.com.br\/noticias\/wp-json\/wp\/v2\/posts\/13450\/revisions"}],"predecessor-version":[{"id":13452,"href":"https:\/\/blogdorogeriogomes.com.br\/noticias\/wp-json\/wp\/v2\/posts\/13450\/revisions\/13452"}],"wp:attachment":[{"href":"https:\/\/blogdorogeriogomes.com.br\/noticias\/wp-json\/wp\/v2\/media?parent=13450"}],"wp:term":[{"taxonomy":"category","embeddable":true,"href":"https:\/\/blogdorogeriogomes.com.br\/noticias\/wp-json\/wp\/v2\/categories?post=13450"},{"taxonomy":"post_tag","embeddable":true,"href":"https:\/\/blogdorogeriogomes.com.br\/noticias\/wp-json\/wp\/v2\/tags?post=13450"}],"curies":[{"name":"wp","href":"https:\/\/api.w.org\/{rel}","templated":true}]}}