{"id":13453,"date":"2019-07-29T09:15:23","date_gmt":"2019-07-29T09:15:23","guid":{"rendered":"http:\/\/blogdorogeriogomes.com.br\/?p=13453"},"modified":"2019-07-29T09:15:23","modified_gmt":"2019-07-29T09:15:23","slug":"governo-estadual-libera-verba-para-urbanizacao-de-parques-do-coco-maranguapinho-e-curio","status":"publish","type":"post","link":"https:\/\/blogdorogeriogomes.com.br\/noticias\/2019\/07\/governo-estadual-libera-verba-para-urbanizacao-de-parques-do-coco-maranguapinho-e-curio\/","title":{"rendered":"Governo estadual libera verba para urbaniza\u00e7\u00e3o de parques do Coc\u00f3, Maranguapinho e Curi\u00f3"},"content":{"rendered":"<p><img loading=\"lazy\" decoding=\"async\" class=\"alignnone size-medium wp-image-13454\" src=\"http:\/\/blogdorogeriogomes.com.br\/wp-content\/uploads\/2019\/07\/IMG_20190729_061146_686-300x224.jpg\" alt=\"IMG_20190729_061146_686\" width=\"300\" height=\"224\" srcset=\"https:\/\/blogdorogeriogomes.com.br\/noticias\/wp-content\/uploads\/2019\/07\/IMG_20190729_061146_686-300x224.jpg 300w, https:\/\/blogdorogeriogomes.com.br\/noticias\/wp-content\/uploads\/2019\/07\/IMG_20190729_061146_686-768x573.jpg 768w, https:\/\/blogdorogeriogomes.com.br\/noticias\/wp-content\/uploads\/2019\/07\/IMG_20190729_061146_686-1024x764.jpg 1024w, https:\/\/blogdorogeriogomes.com.br\/noticias\/wp-content\/uploads\/2019\/07\/IMG_20190729_061146_686.jpg 1072w\" sizes=\"auto, (max-width: 300px) 100vw, 300px\" \/><\/p>\n<p>O Governo do Cear\u00e1 oficializou a libera\u00e7\u00e3o de R$ 37 milh\u00f5es para obras de urbaniza\u00e7\u00e3o no entorno das Unidades de Conserva\u00e7\u00e3o do Parque do Coc\u00f3, Maranguapinho e Curi\u00f3, em Fortaleza. Os servi\u00e7os destinados \u00e0s comunidades da Capital envolvem a constru\u00e7\u00e3o de 17 areninhas, seis brinquedopra\u00e7as e tr\u00eas Pra\u00e7as Mais Inf\u00e2ncia, al\u00e9m de reformas em polos de lazer de diversos bairros de Fortaleza. Esta a\u00e7\u00e3o faz parte do programa Juntos por Fortaleza, pactua\u00e7\u00e3o do Estado com a Prefeitura de Fortaleza em prol da implanta\u00e7\u00e3o de melhorias nos espa\u00e7os p\u00fablicos fortalezenses.<br \/>\nA ordem de servi\u00e7o para o in\u00edcio das interven\u00e7\u00f5es foi assinada em cerim\u00f4nia diante da comunidade da Aerol\u00e2ndia, com a presen\u00e7a da primeira-dama do Estado e idealizadora do programa Mais Inf\u00e2ncia Cear\u00e1, On\u00e9lia Santana, do prefeito de Fortaleza, Roberto Cl\u00e1udio, do secret\u00e1rio do Meio Ambiente, Artur Bruno, do secret\u00e1rio do Esporte e Juventude, Rog\u00e9rio Pinheiro, secretariado municipal, deputados estaduais, vereadores e lideran\u00e7as comunit\u00e1rias.<\/p>\n","protected":false},"excerpt":{"rendered":"<p>O Governo do Cear\u00e1 oficializou a libera\u00e7\u00e3o de R$ 37 milh\u00f5es para obras de urbaniza\u00e7\u00e3o no entorno das Unidades de Conserva\u00e7\u00e3o do Parque do Coc\u00f3, Maranguapinho e Curi\u00f3, em Fortaleza. Os servi\u00e7os destinados \u00e0s comunidades da Capital envolvem a constru\u00e7\u00e3o de 17 areninhas, seis brinquedopra\u00e7as e tr\u00eas Pra\u00e7as Mais Inf\u00e2ncia, al\u00e9m de reformas em polos de lazer de diversos bairros de Fortaleza. Esta a\u00e7\u00e3o faz parte do programa Juntos por Fortaleza, pactua\u00e7\u00e3o do Estado com a Prefeitura de Fortaleza&hellip;<\/p>\n","protected":false},"author":1,"featured_media":0,"comment_status":"open","ping_status":"open","sticky":false,"template":"","format":"standard","meta":{"footnotes":""},"categories":[1],"tags":[],"class_list":["post-13453","post","type-post","status-publish","format-standard","hentry","category-noticias"],"_links":{"self":[{"href":"https:\/\/blogdorogeriogomes.com.br\/noticias\/wp-json\/wp\/v2\/posts\/13453","targetHints":{"allow":["GET"]}}],"collection":[{"href":"https:\/\/blogdorogeriogomes.com.br\/noticias\/wp-json\/wp\/v2\/posts"}],"about":[{"href":"https:\/\/blogdorogeriogomes.com.br\/noticias\/wp-json\/wp\/v2\/types\/post"}],"author":[{"embeddable":true,"href":"https:\/\/blogdorogeriogomes.com.br\/noticias\/wp-json\/wp\/v2\/users\/1"}],"replies":[{"embeddable":true,"href":"https:\/\/blogdorogeriogomes.com.br\/noticias\/wp-json\/wp\/v2\/comments?post=13453"}],"version-history":[{"count":1,"href":"https:\/\/blogdorogeriogomes.com.br\/noticias\/wp-json\/wp\/v2\/posts\/13453\/revisions"}],"predecessor-version":[{"id":13455,"href":"https:\/\/blogdorogeriogomes.com.br\/noticias\/wp-json\/wp\/v2\/posts\/13453\/revisions\/13455"}],"wp:attachment":[{"href":"https:\/\/blogdorogeriogomes.com.br\/noticias\/wp-json\/wp\/v2\/media?parent=13453"}],"wp:term":[{"taxonomy":"category","embeddable":true,"href":"https:\/\/blogdorogeriogomes.com.br\/noticias\/wp-json\/wp\/v2\/categories?post=13453"},{"taxonomy":"post_tag","embeddable":true,"href":"https:\/\/blogdorogeriogomes.com.br\/noticias\/wp-json\/wp\/v2\/tags?post=13453"}],"curies":[{"name":"wp","href":"https:\/\/api.w.org\/{rel}","templated":true}]}}