{"id":13456,"date":"2019-07-29T09:25:34","date_gmt":"2019-07-29T09:25:34","guid":{"rendered":"http:\/\/blogdorogeriogomes.com.br\/?p=13456"},"modified":"2019-07-29T09:25:34","modified_gmt":"2019-07-29T09:25:34","slug":"prefeitura-de-fortaleza-da-posse-a-novos-agentes-de-cidadania-e-controle-social","status":"publish","type":"post","link":"https:\/\/blogdorogeriogomes.com.br\/noticias\/2019\/07\/prefeitura-de-fortaleza-da-posse-a-novos-agentes-de-cidadania-e-controle-social\/","title":{"rendered":"Prefeitura de Fortaleza d\u00e1 posse a novos Agentes de Cidadania e Controle Social"},"content":{"rendered":"<p><img loading=\"lazy\" decoding=\"async\" class=\"alignnone size-medium wp-image-13457\" src=\"http:\/\/blogdorogeriogomes.com.br\/wp-content\/uploads\/2019\/07\/IMG_20190729_062118_280-300x200.jpg\" alt=\"IMG_20190729_062118_280\" width=\"300\" height=\"200\" srcset=\"https:\/\/blogdorogeriogomes.com.br\/noticias\/wp-content\/uploads\/2019\/07\/IMG_20190729_062118_280-300x200.jpg 300w, https:\/\/blogdorogeriogomes.com.br\/noticias\/wp-content\/uploads\/2019\/07\/IMG_20190729_062118_280-768x512.jpg 768w, https:\/\/blogdorogeriogomes.com.br\/noticias\/wp-content\/uploads\/2019\/07\/IMG_20190729_062118_280-1024x683.jpg 1024w\" sizes=\"auto, (max-width: 300px) 100vw, 300px\" \/><\/p>\n<p>A Prefeitura de Fortaleza dar\u00e1 posse, nesta segunda-feira, dia 29 de julho, aos novos Agentes de Cidadania e Controle Social de Fortaleza. A cerim\u00f4nia ser\u00e1 realizada no Centro de Eventos do Cear\u00e1, a partir das 18 horas. Os Agentes de Cidadania e Controle Social s\u00e3o membros da sociedade civil e foram eleitos para representar, de forma volunt\u00e1ria, seus territ\u00f3rios junto \u00e0 Prefeitura Municipal de Fortaleza.<br \/>\nA elei\u00e7\u00e3o, realizada pela Coordenadoria Especial de Participa\u00e7\u00e3o Social, ocorreu este ano, quando foram ofertadas 481 vagas, distribu\u00eddas em 39 territ\u00f3rios, seguindo o crit\u00e9rio de que, a cada cinco mil habitantes, um agente \u00e9 eleito.<br \/>\nAs assembleias eletivas foram divididas em 12 Zonas Eleitorais e ocorreram em 41 locais de vota\u00e7\u00e3o, nos quais mais de 26.800 pessoas participaram do processo que elegeu os 471 Agentes de Cidadania e Controle Social.<\/p>\n","protected":false},"excerpt":{"rendered":"<p>A Prefeitura de Fortaleza dar\u00e1 posse, nesta segunda-feira, dia 29 de julho, aos novos Agentes de Cidadania e Controle Social de Fortaleza. A cerim\u00f4nia ser\u00e1 realizada no Centro de Eventos do Cear\u00e1, a partir das 18 horas. Os Agentes de Cidadania e Controle Social s\u00e3o membros da sociedade civil e foram eleitos para representar, de forma volunt\u00e1ria, seus territ\u00f3rios junto \u00e0 Prefeitura Municipal de Fortaleza. A elei\u00e7\u00e3o, realizada pela Coordenadoria Especial de Participa\u00e7\u00e3o Social, ocorreu este ano, quando foram&hellip;<\/p>\n","protected":false},"author":1,"featured_media":0,"comment_status":"open","ping_status":"open","sticky":false,"template":"","format":"standard","meta":{"footnotes":""},"categories":[1],"tags":[],"class_list":["post-13456","post","type-post","status-publish","format-standard","hentry","category-noticias"],"_links":{"self":[{"href":"https:\/\/blogdorogeriogomes.com.br\/noticias\/wp-json\/wp\/v2\/posts\/13456","targetHints":{"allow":["GET"]}}],"collection":[{"href":"https:\/\/blogdorogeriogomes.com.br\/noticias\/wp-json\/wp\/v2\/posts"}],"about":[{"href":"https:\/\/blogdorogeriogomes.com.br\/noticias\/wp-json\/wp\/v2\/types\/post"}],"author":[{"embeddable":true,"href":"https:\/\/blogdorogeriogomes.com.br\/noticias\/wp-json\/wp\/v2\/users\/1"}],"replies":[{"embeddable":true,"href":"https:\/\/blogdorogeriogomes.com.br\/noticias\/wp-json\/wp\/v2\/comments?post=13456"}],"version-history":[{"count":1,"href":"https:\/\/blogdorogeriogomes.com.br\/noticias\/wp-json\/wp\/v2\/posts\/13456\/revisions"}],"predecessor-version":[{"id":13458,"href":"https:\/\/blogdorogeriogomes.com.br\/noticias\/wp-json\/wp\/v2\/posts\/13456\/revisions\/13458"}],"wp:attachment":[{"href":"https:\/\/blogdorogeriogomes.com.br\/noticias\/wp-json\/wp\/v2\/media?parent=13456"}],"wp:term":[{"taxonomy":"category","embeddable":true,"href":"https:\/\/blogdorogeriogomes.com.br\/noticias\/wp-json\/wp\/v2\/categories?post=13456"},{"taxonomy":"post_tag","embeddable":true,"href":"https:\/\/blogdorogeriogomes.com.br\/noticias\/wp-json\/wp\/v2\/tags?post=13456"}],"curies":[{"name":"wp","href":"https:\/\/api.w.org\/{rel}","templated":true}]}}