{"id":13459,"date":"2019-07-29T20:32:06","date_gmt":"2019-07-29T20:32:06","guid":{"rendered":"http:\/\/blogdorogeriogomes.com.br\/?p=13459"},"modified":"2019-07-29T20:32:06","modified_gmt":"2019-07-29T20:32:06","slug":"%ef%bb%bffala-de-bolsonaro-sobre-pai-do-presidente-da-oab-causa-mal-estar-e-reacao-de-politicos","status":"publish","type":"post","link":"https:\/\/blogdorogeriogomes.com.br\/noticias\/2019\/07\/%ef%bb%bffala-de-bolsonaro-sobre-pai-do-presidente-da-oab-causa-mal-estar-e-reacao-de-politicos\/","title":{"rendered":"\ufeffFala de Bolsonaro sobre pai do presidente da OAB causa mal estar e rea\u00e7\u00e3o de pol\u00edticos"},"content":{"rendered":"<p><img loading=\"lazy\" decoding=\"async\" class=\"alignnone size-medium wp-image-13460\" src=\"http:\/\/blogdorogeriogomes.com.br\/wp-content\/uploads\/2019\/07\/IMG_20190729_172009_424-300x184.jpg\" alt=\"IMG_20190729_172009_424\" width=\"300\" height=\"184\" srcset=\"https:\/\/blogdorogeriogomes.com.br\/noticias\/wp-content\/uploads\/2019\/07\/IMG_20190729_172009_424-300x184.jpg 300w, https:\/\/blogdorogeriogomes.com.br\/noticias\/wp-content\/uploads\/2019\/07\/IMG_20190729_172009_424.jpg 662w\" sizes=\"auto, (max-width: 300px) 100vw, 300px\" \/><\/p>\n<p>A fala de Bolsonaro sobre o pai do presidente<br \/>\nnacional da Ordem dos Advogados do Brasil gerou repercuss\u00e3o. Ao reclamar sobre a atua\u00e7\u00e3o da OAB na investiga\u00e7\u00e3o do caso de Ad\u00e9lio Bispo, autor do atentado \u00e0 faca do qual foi alvo, o presidente Jair Bolsonaro disse que poderia explicar ao presidente da entidade, Felipe Santa Cruz, como o pai dele desapareceu durante a ditadura militar (1964-1985).<br \/>\n&#8220;Por que a OAB impediu que a Pol\u00edcia Federal entrasse no telefone de um dos car\u00edssimos advogados? Qual a inten\u00e7\u00e3o da OAB? Quem \u00e9 essa OAB? Um dia, se o presidente da OAB quiser saber como \u00e9 que o pai dele desapareceu no per\u00edodo militar, conto pra ele. Ele n\u00e3o vai querer ouvir a verdade. Conto pra ele.&#8221;<br \/>\n&#8220;O mandat\u00e1rio da Rep\u00fablica deixa patente seu desconhecimento sobre a diferen\u00e7a entre p\u00fablico e privado, demonstrando mais uma vez tra\u00e7os de car\u00e1ter graves em um governante: a crueldade e a falta de empatia&#8221;, reagiu o presidente da OAB, Felipe Santa Cruz.<br \/>\nO PT decidiu que vai entrar com uma a\u00e7\u00e3o na Procuradoria Geral da Rep\u00fablica pela fala do presidente Bolsonaro. At\u00e9 entre aliados, veio cr\u00edticas ao comportamento do presidente. &#8220;\u00c9 inaceit\u00e1vel que um presidente da Rep\u00fablica se manifeste da forma que se manifestou em rela\u00e7\u00e3o ao pai do presidente da OAB, Felipe Santa Cruz. Foi uma declara\u00e7\u00e3o infeliz&#8221;, afirmou o governador de S\u00e3o Paulo, Jo\u00e3o Doria, que \u00e9 do PSDB.<\/p>\n","protected":false},"excerpt":{"rendered":"<p>A fala de Bolsonaro sobre o pai do presidente nacional da Ordem dos Advogados do Brasil gerou repercuss\u00e3o. Ao reclamar sobre a atua\u00e7\u00e3o da OAB na investiga\u00e7\u00e3o do caso de Ad\u00e9lio Bispo, autor do atentado \u00e0 faca do qual foi alvo, o presidente Jair Bolsonaro disse que poderia explicar ao presidente da entidade, Felipe Santa Cruz, como o pai dele desapareceu durante a ditadura militar (1964-1985). &#8220;Por que a OAB impediu que a Pol\u00edcia Federal entrasse no telefone de&hellip;<\/p>\n","protected":false},"author":1,"featured_media":0,"comment_status":"open","ping_status":"open","sticky":false,"template":"","format":"standard","meta":{"footnotes":""},"categories":[1],"tags":[],"class_list":["post-13459","post","type-post","status-publish","format-standard","hentry","category-noticias"],"_links":{"self":[{"href":"https:\/\/blogdorogeriogomes.com.br\/noticias\/wp-json\/wp\/v2\/posts\/13459","targetHints":{"allow":["GET"]}}],"collection":[{"href":"https:\/\/blogdorogeriogomes.com.br\/noticias\/wp-json\/wp\/v2\/posts"}],"about":[{"href":"https:\/\/blogdorogeriogomes.com.br\/noticias\/wp-json\/wp\/v2\/types\/post"}],"author":[{"embeddable":true,"href":"https:\/\/blogdorogeriogomes.com.br\/noticias\/wp-json\/wp\/v2\/users\/1"}],"replies":[{"embeddable":true,"href":"https:\/\/blogdorogeriogomes.com.br\/noticias\/wp-json\/wp\/v2\/comments?post=13459"}],"version-history":[{"count":1,"href":"https:\/\/blogdorogeriogomes.com.br\/noticias\/wp-json\/wp\/v2\/posts\/13459\/revisions"}],"predecessor-version":[{"id":13461,"href":"https:\/\/blogdorogeriogomes.com.br\/noticias\/wp-json\/wp\/v2\/posts\/13459\/revisions\/13461"}],"wp:attachment":[{"href":"https:\/\/blogdorogeriogomes.com.br\/noticias\/wp-json\/wp\/v2\/media?parent=13459"}],"wp:term":[{"taxonomy":"category","embeddable":true,"href":"https:\/\/blogdorogeriogomes.com.br\/noticias\/wp-json\/wp\/v2\/categories?post=13459"},{"taxonomy":"post_tag","embeddable":true,"href":"https:\/\/blogdorogeriogomes.com.br\/noticias\/wp-json\/wp\/v2\/tags?post=13459"}],"curies":[{"name":"wp","href":"https:\/\/api.w.org\/{rel}","templated":true}]}}