{"id":13462,"date":"2019-07-29T20:55:21","date_gmt":"2019-07-29T20:55:21","guid":{"rendered":"http:\/\/blogdorogeriogomes.com.br\/?p=13462"},"modified":"2019-07-29T20:55:21","modified_gmt":"2019-07-29T20:55:21","slug":"justica-determina-bloqueio-de-bens-do-prefeito-de-iguatu","status":"publish","type":"post","link":"https:\/\/blogdorogeriogomes.com.br\/noticias\/2019\/07\/justica-determina-bloqueio-de-bens-do-prefeito-de-iguatu\/","title":{"rendered":"Justi\u00e7a determina bloqueio de bens do prefeito de Iguatu"},"content":{"rendered":"<p><img loading=\"lazy\" decoding=\"async\" class=\"alignnone size-medium wp-image-13463\" src=\"http:\/\/blogdorogeriogomes.com.br\/wp-content\/uploads\/2019\/07\/IMG_20190729_174748_699-300x221.jpg\" alt=\"IMG_20190729_174748_699\" width=\"300\" height=\"221\" srcset=\"https:\/\/blogdorogeriogomes.com.br\/noticias\/wp-content\/uploads\/2019\/07\/IMG_20190729_174748_699-300x221.jpg 300w, https:\/\/blogdorogeriogomes.com.br\/noticias\/wp-content\/uploads\/2019\/07\/IMG_20190729_174748_699-768x566.jpg 768w, https:\/\/blogdorogeriogomes.com.br\/noticias\/wp-content\/uploads\/2019\/07\/IMG_20190729_174748_699.jpg 782w\" sizes=\"auto, (max-width: 300px) 100vw, 300px\" \/><\/p>\n<p>A Justi\u00e7a determinou o bloqueio de bens do prefeito de Iguatu, Ednaldo Lavor Couras. De acordo com o Minist\u00e9rio P\u00fablico Estadual, a decis\u00e3o se deve ao abuso em contrata\u00e7\u00f5es tempor\u00e1rias no munic\u00edpio da regi\u00e3o Centro-Sul do Cear\u00e1. Foi determinada a redu\u00e7\u00e3o dr\u00e1stica do n\u00famero de contratados tempor\u00e1rios e a abertura imediata de processo licitat\u00f3rio para a realiza\u00e7\u00e3o de concurso p\u00fablico na cidade. Em 2017, o munic\u00edpio possu\u00eda 656 contratos tempor\u00e1rios, passando a 926 em 2018 e a 1394, em 2019, segundo o Minist\u00e9rio P\u00fablico.<br \/>\nA Prefeitura de Iguatu tem 30 dias para apresentar justificativa para as contrata\u00e7\u00f5es mantidas.<\/p>\n","protected":false},"excerpt":{"rendered":"<p>A Justi\u00e7a determinou o bloqueio de bens do prefeito de Iguatu, Ednaldo Lavor Couras. De acordo com o Minist\u00e9rio P\u00fablico Estadual, a decis\u00e3o se deve ao abuso em contrata\u00e7\u00f5es tempor\u00e1rias no munic\u00edpio da regi\u00e3o Centro-Sul do Cear\u00e1. Foi determinada a redu\u00e7\u00e3o dr\u00e1stica do n\u00famero de contratados tempor\u00e1rios e a abertura imediata de processo licitat\u00f3rio para a realiza\u00e7\u00e3o de concurso p\u00fablico na cidade. Em 2017, o munic\u00edpio possu\u00eda 656 contratos tempor\u00e1rios, passando a 926 em 2018 e a 1394, em&hellip;<\/p>\n","protected":false},"author":1,"featured_media":0,"comment_status":"open","ping_status":"open","sticky":false,"template":"","format":"standard","meta":{"footnotes":""},"categories":[1],"tags":[],"class_list":["post-13462","post","type-post","status-publish","format-standard","hentry","category-noticias"],"_links":{"self":[{"href":"https:\/\/blogdorogeriogomes.com.br\/noticias\/wp-json\/wp\/v2\/posts\/13462","targetHints":{"allow":["GET"]}}],"collection":[{"href":"https:\/\/blogdorogeriogomes.com.br\/noticias\/wp-json\/wp\/v2\/posts"}],"about":[{"href":"https:\/\/blogdorogeriogomes.com.br\/noticias\/wp-json\/wp\/v2\/types\/post"}],"author":[{"embeddable":true,"href":"https:\/\/blogdorogeriogomes.com.br\/noticias\/wp-json\/wp\/v2\/users\/1"}],"replies":[{"embeddable":true,"href":"https:\/\/blogdorogeriogomes.com.br\/noticias\/wp-json\/wp\/v2\/comments?post=13462"}],"version-history":[{"count":1,"href":"https:\/\/blogdorogeriogomes.com.br\/noticias\/wp-json\/wp\/v2\/posts\/13462\/revisions"}],"predecessor-version":[{"id":13464,"href":"https:\/\/blogdorogeriogomes.com.br\/noticias\/wp-json\/wp\/v2\/posts\/13462\/revisions\/13464"}],"wp:attachment":[{"href":"https:\/\/blogdorogeriogomes.com.br\/noticias\/wp-json\/wp\/v2\/media?parent=13462"}],"wp:term":[{"taxonomy":"category","embeddable":true,"href":"https:\/\/blogdorogeriogomes.com.br\/noticias\/wp-json\/wp\/v2\/categories?post=13462"},{"taxonomy":"post_tag","embeddable":true,"href":"https:\/\/blogdorogeriogomes.com.br\/noticias\/wp-json\/wp\/v2\/tags?post=13462"}],"curies":[{"name":"wp","href":"https:\/\/api.w.org\/{rel}","templated":true}]}}