{"id":13471,"date":"2019-07-30T20:27:01","date_gmt":"2019-07-30T20:27:01","guid":{"rendered":"http:\/\/blogdorogeriogomes.com.br\/?p=13471"},"modified":"2019-07-30T20:27:01","modified_gmt":"2019-07-30T20:27:01","slug":"servidores-dos-correios-devem-entrar-em-greve-nesta-quarta-feira","status":"publish","type":"post","link":"https:\/\/blogdorogeriogomes.com.br\/noticias\/2019\/07\/servidores-dos-correios-devem-entrar-em-greve-nesta-quarta-feira\/","title":{"rendered":"Servidores dos Correios devem entrar em greve nesta quarta-feira"},"content":{"rendered":"<p><img loading=\"lazy\" decoding=\"async\" class=\"alignnone size-medium wp-image-13472\" src=\"http:\/\/blogdorogeriogomes.com.br\/wp-content\/uploads\/2019\/07\/IMG_20190730_172246_798-300x200.jpg\" alt=\"IMG_20190730_172246_798\" width=\"300\" height=\"200\" srcset=\"https:\/\/blogdorogeriogomes.com.br\/noticias\/wp-content\/uploads\/2019\/07\/IMG_20190730_172246_798-300x200.jpg 300w, https:\/\/blogdorogeriogomes.com.br\/noticias\/wp-content\/uploads\/2019\/07\/IMG_20190730_172246_798.jpg 714w\" sizes=\"auto, (max-width: 300px) 100vw, 300px\" \/><\/p>\n<p>Insatisfeitos com a pol\u00edtica salarial da empresa, os trabalhadores dos Correios devem entrar em greve nesta quarta-feira, dia 31 de julho. Entre os problemas alegados pela Federa\u00e7\u00e3o Nacional dos Trabalhadores em Empresas de Correios e Tel\u00e9grafos e Similares (Fentect), est\u00e3o o baixo reajuste salarial de 0,8% e a retirada de direitos da categoria, como a exclus\u00e3o de pais como dependentes no plano de sa\u00fade dos funcion\u00e1rios.<br \/>\nOs Correios est\u00e3o em meio a uma possibilidade de privatiza\u00e7\u00e3o, defendida pelo presidente Jair Bolsonaro. Os planos do governo, por enquanto, s\u00e3o de investir esfor\u00e7os na reforma da Previd\u00eancia enquanto as privatiza\u00e7\u00f5es ficariam para um segundo momento.<\/p>\n","protected":false},"excerpt":{"rendered":"<p>Insatisfeitos com a pol\u00edtica salarial da empresa, os trabalhadores dos Correios devem entrar em greve nesta quarta-feira, dia 31 de julho. Entre os problemas alegados pela Federa\u00e7\u00e3o Nacional dos Trabalhadores em Empresas de Correios e Tel\u00e9grafos e Similares (Fentect), est\u00e3o o baixo reajuste salarial de 0,8% e a retirada de direitos da categoria, como a exclus\u00e3o de pais como dependentes no plano de sa\u00fade dos funcion\u00e1rios. Os Correios est\u00e3o em meio a uma possibilidade de privatiza\u00e7\u00e3o, defendida pelo presidente&hellip;<\/p>\n","protected":false},"author":1,"featured_media":0,"comment_status":"open","ping_status":"open","sticky":false,"template":"","format":"standard","meta":{"footnotes":""},"categories":[1],"tags":[],"class_list":["post-13471","post","type-post","status-publish","format-standard","hentry","category-noticias"],"_links":{"self":[{"href":"https:\/\/blogdorogeriogomes.com.br\/noticias\/wp-json\/wp\/v2\/posts\/13471","targetHints":{"allow":["GET"]}}],"collection":[{"href":"https:\/\/blogdorogeriogomes.com.br\/noticias\/wp-json\/wp\/v2\/posts"}],"about":[{"href":"https:\/\/blogdorogeriogomes.com.br\/noticias\/wp-json\/wp\/v2\/types\/post"}],"author":[{"embeddable":true,"href":"https:\/\/blogdorogeriogomes.com.br\/noticias\/wp-json\/wp\/v2\/users\/1"}],"replies":[{"embeddable":true,"href":"https:\/\/blogdorogeriogomes.com.br\/noticias\/wp-json\/wp\/v2\/comments?post=13471"}],"version-history":[{"count":1,"href":"https:\/\/blogdorogeriogomes.com.br\/noticias\/wp-json\/wp\/v2\/posts\/13471\/revisions"}],"predecessor-version":[{"id":13473,"href":"https:\/\/blogdorogeriogomes.com.br\/noticias\/wp-json\/wp\/v2\/posts\/13471\/revisions\/13473"}],"wp:attachment":[{"href":"https:\/\/blogdorogeriogomes.com.br\/noticias\/wp-json\/wp\/v2\/media?parent=13471"}],"wp:term":[{"taxonomy":"category","embeddable":true,"href":"https:\/\/blogdorogeriogomes.com.br\/noticias\/wp-json\/wp\/v2\/categories?post=13471"},{"taxonomy":"post_tag","embeddable":true,"href":"https:\/\/blogdorogeriogomes.com.br\/noticias\/wp-json\/wp\/v2\/tags?post=13471"}],"curies":[{"name":"wp","href":"https:\/\/api.w.org\/{rel}","templated":true}]}}