{"id":13474,"date":"2019-07-30T20:53:33","date_gmt":"2019-07-30T20:53:33","guid":{"rendered":"http:\/\/blogdorogeriogomes.com.br\/?p=13474"},"modified":"2019-07-30T20:53:33","modified_gmt":"2019-07-30T20:53:33","slug":"novo-banco-de-desenvolvimento-abre-perspectivas-para-investimentos-em-infraestrutura-para-o-nordeste","status":"publish","type":"post","link":"https:\/\/blogdorogeriogomes.com.br\/noticias\/2019\/07\/novo-banco-de-desenvolvimento-abre-perspectivas-para-investimentos-em-infraestrutura-para-o-nordeste\/","title":{"rendered":"Novo Banco de Desenvolvimento abre perspectivas para investimentos em infraestrutura para o Nordeste"},"content":{"rendered":"<p><img loading=\"lazy\" decoding=\"async\" class=\"alignnone size-medium wp-image-13475\" src=\"http:\/\/blogdorogeriogomes.com.br\/wp-content\/uploads\/2019\/07\/IMG_20190730_174554_399-300x236.jpg\" alt=\"IMG_20190730_174554_399\" width=\"300\" height=\"236\" srcset=\"https:\/\/blogdorogeriogomes.com.br\/noticias\/wp-content\/uploads\/2019\/07\/IMG_20190730_174554_399-300x236.jpg 300w, https:\/\/blogdorogeriogomes.com.br\/noticias\/wp-content\/uploads\/2019\/07\/IMG_20190730_174554_399-768x604.jpg 768w, https:\/\/blogdorogeriogomes.com.br\/noticias\/wp-content\/uploads\/2019\/07\/IMG_20190730_174554_399-1024x805.jpg 1024w\" sizes=\"auto, (max-width: 300px) 100vw, 300px\" \/><\/p>\n<p>Encontro em Fortaleza discutiu nesta ter\u00e7a-feira, dia 30 de julho, investimentos do Novo Banco de Desenvolvimento em projetos da Regi\u00e3o Nordeste. O semin\u00e1rio foi sediado no Pal\u00e1cio da Aboli\u00e7\u00e3o com a presen\u00e7a da vice-governadora Izolda Cela, do prefeito de Fortaleza, Roberto Cl\u00e1udio, de J.B Sarkis, vice-presidente do Novo Banco de Desenvolvimento, e deErivaldo Alfredo Gomes, secret\u00e1rio de Assuntos Econ\u00f4micos do Minist\u00e9rio da Economia.<br \/>\nO Novo Banco de Desenvolvimento foi criado em 2014, pelo bloco econ\u00f4mico Brasil, R\u00fassia, \u00cdndia e \u00c1frica do Sul, o BRICS. Tem objetivo financiar projetos econ\u00f4micos desses pa\u00edses. O encontro de hoje celebrou os cinco anos do acordo, que foi realizado em Fortaleza.<br \/>\nO Novo Banco de Desenvolvimento tem a\u00e7\u00e3o no financiamento de pol\u00edticas p\u00fablicas, principalmente, na \u00e1rea de infraestrutura. A aposta da institui\u00e7\u00e3o \u00e9 diminuir situa\u00e7\u00f5es de desigualdade social. Por isso, a Regi\u00e3o Nordeste deve receber aten\u00e7\u00e3o especial na concess\u00e3o de empr\u00e9stimos a estados e munic\u00edpios, como tamb\u00e9m atrav\u00e9s da iniciativa privada.<br \/>\nO Governo do Cear\u00e1 tem projetos em fase de elabora\u00e7\u00e3o para conseguir financiamentos do Novo Banco de Desenvolvimento. As \u00e1reas priorit\u00e1rias de interesse s\u00e3o a melhoria no abastecimento de \u00e1gua, saneamento b\u00e1sico e irriga\u00e7\u00e3o.<\/p>\n","protected":false},"excerpt":{"rendered":"<p>Encontro em Fortaleza discutiu nesta ter\u00e7a-feira, dia 30 de julho, investimentos do Novo Banco de Desenvolvimento em projetos da Regi\u00e3o Nordeste. O semin\u00e1rio foi sediado no Pal\u00e1cio da Aboli\u00e7\u00e3o com a presen\u00e7a da vice-governadora Izolda Cela, do prefeito de Fortaleza, Roberto Cl\u00e1udio, de J.B Sarkis, vice-presidente do Novo Banco de Desenvolvimento, e deErivaldo Alfredo Gomes, secret\u00e1rio de Assuntos Econ\u00f4micos do Minist\u00e9rio da Economia. O Novo Banco de Desenvolvimento foi criado em 2014, pelo bloco econ\u00f4mico Brasil, R\u00fassia, \u00cdndia e&hellip;<\/p>\n","protected":false},"author":1,"featured_media":0,"comment_status":"open","ping_status":"open","sticky":false,"template":"","format":"standard","meta":{"footnotes":""},"categories":[1],"tags":[],"class_list":["post-13474","post","type-post","status-publish","format-standard","hentry","category-noticias"],"_links":{"self":[{"href":"https:\/\/blogdorogeriogomes.com.br\/noticias\/wp-json\/wp\/v2\/posts\/13474","targetHints":{"allow":["GET"]}}],"collection":[{"href":"https:\/\/blogdorogeriogomes.com.br\/noticias\/wp-json\/wp\/v2\/posts"}],"about":[{"href":"https:\/\/blogdorogeriogomes.com.br\/noticias\/wp-json\/wp\/v2\/types\/post"}],"author":[{"embeddable":true,"href":"https:\/\/blogdorogeriogomes.com.br\/noticias\/wp-json\/wp\/v2\/users\/1"}],"replies":[{"embeddable":true,"href":"https:\/\/blogdorogeriogomes.com.br\/noticias\/wp-json\/wp\/v2\/comments?post=13474"}],"version-history":[{"count":1,"href":"https:\/\/blogdorogeriogomes.com.br\/noticias\/wp-json\/wp\/v2\/posts\/13474\/revisions"}],"predecessor-version":[{"id":13476,"href":"https:\/\/blogdorogeriogomes.com.br\/noticias\/wp-json\/wp\/v2\/posts\/13474\/revisions\/13476"}],"wp:attachment":[{"href":"https:\/\/blogdorogeriogomes.com.br\/noticias\/wp-json\/wp\/v2\/media?parent=13474"}],"wp:term":[{"taxonomy":"category","embeddable":true,"href":"https:\/\/blogdorogeriogomes.com.br\/noticias\/wp-json\/wp\/v2\/categories?post=13474"},{"taxonomy":"post_tag","embeddable":true,"href":"https:\/\/blogdorogeriogomes.com.br\/noticias\/wp-json\/wp\/v2\/tags?post=13474"}],"curies":[{"name":"wp","href":"https:\/\/api.w.org\/{rel}","templated":true}]}}