{"id":13477,"date":"2019-07-31T09:25:11","date_gmt":"2019-07-31T09:25:11","guid":{"rendered":"http:\/\/blogdorogeriogomes.com.br\/?p=13477"},"modified":"2019-07-31T09:25:11","modified_gmt":"2019-07-31T09:25:11","slug":"dnit-vai-iniciar-a-reinstalacao-de-radares-eletronicos-nas-brs-do-ceara","status":"publish","type":"post","link":"https:\/\/blogdorogeriogomes.com.br\/noticias\/2019\/07\/dnit-vai-iniciar-a-reinstalacao-de-radares-eletronicos-nas-brs-do-ceara\/","title":{"rendered":"DNIT vai iniciar a reinstala\u00e7\u00e3o de radares eletr\u00f4nicos nas BRs do Cear\u00e1"},"content":{"rendered":"<p><img loading=\"lazy\" decoding=\"async\" class=\"alignnone size-medium wp-image-13478\" src=\"http:\/\/blogdorogeriogomes.com.br\/wp-content\/uploads\/2019\/07\/IMG_20190731_061857_149-300x207.jpg\" alt=\"IMG_20190731_061857_149\" width=\"300\" height=\"207\" srcset=\"https:\/\/blogdorogeriogomes.com.br\/noticias\/wp-content\/uploads\/2019\/07\/IMG_20190731_061857_149-300x207.jpg 300w, https:\/\/blogdorogeriogomes.com.br\/noticias\/wp-content\/uploads\/2019\/07\/IMG_20190731_061857_149.jpg 654w\" sizes=\"auto, (max-width: 300px) 100vw, 300px\" \/><\/p>\n<p>A decis\u00e3o intempestiva do presidente Jair Bolsonaro em determinar a retirada de todos os radares das rodovias federais rendeu uma a\u00e7\u00e3o popular movida contra a suspens\u00e3o de instala\u00e7\u00e3o dos radares, em abril deste ano. O resultado \u00e9 que a Justi\u00e7a determinou a recoloca\u00e7\u00e3o dos fotossensores em pontos cr\u00edticos das BRs, para evitar o aumento dos acidentes.<br \/>\nA reinstala\u00e7\u00e3o dos radares foi pactuada pelo Dnit e pela Uni\u00e3o e homologada pela ju\u00edza Diana Wanderlei, da 5\u00aa Vara Federal em Bras\u00edlia. No Cear\u00e1, o Departamento Nacional de Infraestrutura de Transportes reinstalar\u00e1 50 equipamentos para monitoramento de tr\u00e2nsito nas BRs 020, 116 e 222. Ao todo as rodovias dos estados brasileiros ter\u00e3o 1.140 radares e lombadas eletr\u00f4nicas recolocados.<br \/>\nNo Cear\u00e1, as BRs 116 e 222 receber\u00e3o o maior n\u00famero de equipamentos, com 23 aparelhos de fiscaliza\u00e7\u00e3o eletr\u00f4nica cada uma. Na BR-020 ser\u00e3o reinstalados dois radares e duas lombadas eletr\u00f4nicas.<\/p>\n","protected":false},"excerpt":{"rendered":"<p>A decis\u00e3o intempestiva do presidente Jair Bolsonaro em determinar a retirada de todos os radares das rodovias federais rendeu uma a\u00e7\u00e3o popular movida contra a suspens\u00e3o de instala\u00e7\u00e3o dos radares, em abril deste ano. O resultado \u00e9 que a Justi\u00e7a determinou a recoloca\u00e7\u00e3o dos fotossensores em pontos cr\u00edticos das BRs, para evitar o aumento dos acidentes. A reinstala\u00e7\u00e3o dos radares foi pactuada pelo Dnit e pela Uni\u00e3o e homologada pela ju\u00edza Diana Wanderlei, da 5\u00aa Vara Federal em Bras\u00edlia.&hellip;<\/p>\n","protected":false},"author":1,"featured_media":0,"comment_status":"open","ping_status":"open","sticky":false,"template":"","format":"standard","meta":{"footnotes":""},"categories":[1],"tags":[],"class_list":["post-13477","post","type-post","status-publish","format-standard","hentry","category-noticias"],"_links":{"self":[{"href":"https:\/\/blogdorogeriogomes.com.br\/noticias\/wp-json\/wp\/v2\/posts\/13477","targetHints":{"allow":["GET"]}}],"collection":[{"href":"https:\/\/blogdorogeriogomes.com.br\/noticias\/wp-json\/wp\/v2\/posts"}],"about":[{"href":"https:\/\/blogdorogeriogomes.com.br\/noticias\/wp-json\/wp\/v2\/types\/post"}],"author":[{"embeddable":true,"href":"https:\/\/blogdorogeriogomes.com.br\/noticias\/wp-json\/wp\/v2\/users\/1"}],"replies":[{"embeddable":true,"href":"https:\/\/blogdorogeriogomes.com.br\/noticias\/wp-json\/wp\/v2\/comments?post=13477"}],"version-history":[{"count":1,"href":"https:\/\/blogdorogeriogomes.com.br\/noticias\/wp-json\/wp\/v2\/posts\/13477\/revisions"}],"predecessor-version":[{"id":13479,"href":"https:\/\/blogdorogeriogomes.com.br\/noticias\/wp-json\/wp\/v2\/posts\/13477\/revisions\/13479"}],"wp:attachment":[{"href":"https:\/\/blogdorogeriogomes.com.br\/noticias\/wp-json\/wp\/v2\/media?parent=13477"}],"wp:term":[{"taxonomy":"category","embeddable":true,"href":"https:\/\/blogdorogeriogomes.com.br\/noticias\/wp-json\/wp\/v2\/categories?post=13477"},{"taxonomy":"post_tag","embeddable":true,"href":"https:\/\/blogdorogeriogomes.com.br\/noticias\/wp-json\/wp\/v2\/tags?post=13477"}],"curies":[{"name":"wp","href":"https:\/\/api.w.org\/{rel}","templated":true}]}}