{"id":13480,"date":"2019-07-31T09:53:45","date_gmt":"2019-07-31T09:53:45","guid":{"rendered":"http:\/\/blogdorogeriogomes.com.br\/?p=13480"},"modified":"2019-07-31T09:53:45","modified_gmt":"2019-07-31T09:53:45","slug":"acoes-recentes-de-bolsonaro-assustam-aliados-e-sugerem-duvidas-sobre-futuro-do-governo","status":"publish","type":"post","link":"https:\/\/blogdorogeriogomes.com.br\/noticias\/2019\/07\/acoes-recentes-de-bolsonaro-assustam-aliados-e-sugerem-duvidas-sobre-futuro-do-governo\/","title":{"rendered":"A\u00e7\u00f5es recentes de Bolsonaro assustam aliados e sugerem d\u00favidas sobre futuro do governo"},"content":{"rendered":"<p><img loading=\"lazy\" decoding=\"async\" class=\"alignnone size-medium wp-image-13481\" src=\"http:\/\/blogdorogeriogomes.com.br\/wp-content\/uploads\/2019\/07\/IMG_20190731_064954_162-300x201.jpg\" alt=\"IMG_20190731_064954_162\" width=\"300\" height=\"201\" srcset=\"https:\/\/blogdorogeriogomes.com.br\/noticias\/wp-content\/uploads\/2019\/07\/IMG_20190731_064954_162-300x201.jpg 300w, https:\/\/blogdorogeriogomes.com.br\/noticias\/wp-content\/uploads\/2019\/07\/IMG_20190731_064954_162.jpg 725w\" sizes=\"auto, (max-width: 300px) 100vw, 300px\" \/><\/p>\n<p>As recentes declara\u00e7\u00f5es do presidente Jair Bolsonaro contra governadores do Nordeste, insultando a mem\u00f3ria do presidente nacional da OAB e agredindo verbalmente jornalistas, quando questionado sobre assuntos que o desagradam, revelam uma postura que vem assustando at\u00e9 aliados e assessores pr\u00f3ximos.<br \/>\nAs rea\u00e7\u00f5es v\u00eam de todos os lados. A avalia\u00e7\u00e3o do n\u00facleo militar e de integrantes da base do governo no Congresso \u00e9 a de que, principalmente nos \u00faltimos dias, Bolsonaro voltou a ser estimulado a ir para o confronto e a dar vaz\u00e3o ao que \u00e9 classificado como pauta secund\u00e1ria. O problema \u00e9 a perda de foco dos problemas econ\u00f4micos que o Pa\u00eds vive.<br \/>\nOpositores levantam a bandeira do impeachment ou at\u00e9 de uma interdi\u00e7\u00e3o do Presidente. No entanto, \u00e9 a elite econ\u00f4mica que avalizou a elei\u00e7\u00e3o de Bolsonaro que vai decidir at\u00e9 quando ir\u00e1 suportar os destemperos e defesas estapaf\u00fardias de Bolsonaro.<br \/>\nO jurista Miguel Reale J\u00fanior, um dos autores do pedido de impeachment da ex-presidente Dilma Rousseff, avalia que o presidente Jair Bolsonaro vive um &#8220;processo alucinat\u00f3rio&#8221; e coloca a democracia brasileira em risco.<br \/>\n\u201c\u00c9 porque \u00e9 um processo t\u00e3o alucinat\u00f3rio. Ele prejudica a si pr\u00f3prio a cada declara\u00e7\u00e3o. L\u00f3gico que beira o problema do decoro, mas \u00e9 uma afronta tamanha \u00e0 dignidade humana o que ele falou sobre o presidente da OAB\u201d.<\/p>\n","protected":false},"excerpt":{"rendered":"<p>As recentes declara\u00e7\u00f5es do presidente Jair Bolsonaro contra governadores do Nordeste, insultando a mem\u00f3ria do presidente nacional da OAB e agredindo verbalmente jornalistas, quando questionado sobre assuntos que o desagradam, revelam uma postura que vem assustando at\u00e9 aliados e assessores pr\u00f3ximos. As rea\u00e7\u00f5es v\u00eam de todos os lados. A avalia\u00e7\u00e3o do n\u00facleo militar e de integrantes da base do governo no Congresso \u00e9 a de que, principalmente nos \u00faltimos dias, Bolsonaro voltou a ser estimulado a ir para o&hellip;<\/p>\n","protected":false},"author":1,"featured_media":0,"comment_status":"open","ping_status":"open","sticky":false,"template":"","format":"standard","meta":{"footnotes":""},"categories":[1],"tags":[],"class_list":["post-13480","post","type-post","status-publish","format-standard","hentry","category-noticias"],"_links":{"self":[{"href":"https:\/\/blogdorogeriogomes.com.br\/noticias\/wp-json\/wp\/v2\/posts\/13480","targetHints":{"allow":["GET"]}}],"collection":[{"href":"https:\/\/blogdorogeriogomes.com.br\/noticias\/wp-json\/wp\/v2\/posts"}],"about":[{"href":"https:\/\/blogdorogeriogomes.com.br\/noticias\/wp-json\/wp\/v2\/types\/post"}],"author":[{"embeddable":true,"href":"https:\/\/blogdorogeriogomes.com.br\/noticias\/wp-json\/wp\/v2\/users\/1"}],"replies":[{"embeddable":true,"href":"https:\/\/blogdorogeriogomes.com.br\/noticias\/wp-json\/wp\/v2\/comments?post=13480"}],"version-history":[{"count":1,"href":"https:\/\/blogdorogeriogomes.com.br\/noticias\/wp-json\/wp\/v2\/posts\/13480\/revisions"}],"predecessor-version":[{"id":13482,"href":"https:\/\/blogdorogeriogomes.com.br\/noticias\/wp-json\/wp\/v2\/posts\/13480\/revisions\/13482"}],"wp:attachment":[{"href":"https:\/\/blogdorogeriogomes.com.br\/noticias\/wp-json\/wp\/v2\/media?parent=13480"}],"wp:term":[{"taxonomy":"category","embeddable":true,"href":"https:\/\/blogdorogeriogomes.com.br\/noticias\/wp-json\/wp\/v2\/categories?post=13480"},{"taxonomy":"post_tag","embeddable":true,"href":"https:\/\/blogdorogeriogomes.com.br\/noticias\/wp-json\/wp\/v2\/tags?post=13480"}],"curies":[{"name":"wp","href":"https:\/\/api.w.org\/{rel}","templated":true}]}}