{"id":13484,"date":"2019-07-31T20:51:52","date_gmt":"2019-07-31T20:51:52","guid":{"rendered":"http:\/\/blogdorogeriogomes.com.br\/?p=13484"},"modified":"2019-07-31T20:51:52","modified_gmt":"2019-07-31T20:51:52","slug":"aulas-do-segundo-semestre-na-rede-municipal-de-fortaleza-serao-retomadas-nesta-quinta-feira","status":"publish","type":"post","link":"https:\/\/blogdorogeriogomes.com.br\/noticias\/2019\/07\/aulas-do-segundo-semestre-na-rede-municipal-de-fortaleza-serao-retomadas-nesta-quinta-feira\/","title":{"rendered":"Aulas do segundo semestre na rede municipal de Fortaleza ser\u00e3o retomadas nesta quinta-feira"},"content":{"rendered":"<p><img loading=\"lazy\" decoding=\"async\" class=\"alignnone size-medium wp-image-13485\" src=\"http:\/\/blogdorogeriogomes.com.br\/wp-content\/uploads\/2019\/07\/IMG_20190731_174351_394-300x196.jpg\" alt=\"IMG_20190731_174351_394\" width=\"300\" height=\"196\" srcset=\"https:\/\/blogdorogeriogomes.com.br\/noticias\/wp-content\/uploads\/2019\/07\/IMG_20190731_174351_394-300x196.jpg 300w, https:\/\/blogdorogeriogomes.com.br\/noticias\/wp-content\/uploads\/2019\/07\/IMG_20190731_174351_394.jpg 685w\" sizes=\"auto, (max-width: 300px) 100vw, 300px\" \/><\/p>\n<p>As aulas na rede municipal de ensino ser\u00e3o retomadas nesta quinta-feira, dia 1\u00b0 de agosto. O prefeito de Fortaleza, Roberto Cl\u00e1udio, e a secret\u00e1ria da Educa\u00e7\u00e3o, Dalila Saldanha, dar\u00e3o boas-vindas aos alunos na abertura do 2\u00ba semestre letivo de 2019, na Escola Municipal Professora Edith Braga, no bairro Aerol\u00e2ndia, que foi recentemente reformada.<br \/>\nA rede municipal segue com as atividades escolares em 573 unidades, atendendo mais de 221 mil estudantes do Infantil I ao 9\u00ba ano e Educa\u00e7\u00e3o de Jovens e Adultos.<br \/>\nA Prefeitura da Capital investe em um pacote de requalifica\u00e7\u00e3o que promete contemplar 200 unidades municipais at\u00e9 2020, com previs\u00e3o de investimento de R$ 40 milh\u00f5es de reais. Nove escolas j\u00e1 foram reformadas e outras 19 unidades est\u00e3o com obras em execu\u00e7\u00e3o.<\/p>\n","protected":false},"excerpt":{"rendered":"<p>As aulas na rede municipal de ensino ser\u00e3o retomadas nesta quinta-feira, dia 1\u00b0 de agosto. O prefeito de Fortaleza, Roberto Cl\u00e1udio, e a secret\u00e1ria da Educa\u00e7\u00e3o, Dalila Saldanha, dar\u00e3o boas-vindas aos alunos na abertura do 2\u00ba semestre letivo de 2019, na Escola Municipal Professora Edith Braga, no bairro Aerol\u00e2ndia, que foi recentemente reformada. A rede municipal segue com as atividades escolares em 573 unidades, atendendo mais de 221 mil estudantes do Infantil I ao 9\u00ba ano e Educa\u00e7\u00e3o de&hellip;<\/p>\n","protected":false},"author":1,"featured_media":0,"comment_status":"open","ping_status":"open","sticky":false,"template":"","format":"standard","meta":{"footnotes":""},"categories":[1],"tags":[],"class_list":["post-13484","post","type-post","status-publish","format-standard","hentry","category-noticias"],"_links":{"self":[{"href":"https:\/\/blogdorogeriogomes.com.br\/noticias\/wp-json\/wp\/v2\/posts\/13484","targetHints":{"allow":["GET"]}}],"collection":[{"href":"https:\/\/blogdorogeriogomes.com.br\/noticias\/wp-json\/wp\/v2\/posts"}],"about":[{"href":"https:\/\/blogdorogeriogomes.com.br\/noticias\/wp-json\/wp\/v2\/types\/post"}],"author":[{"embeddable":true,"href":"https:\/\/blogdorogeriogomes.com.br\/noticias\/wp-json\/wp\/v2\/users\/1"}],"replies":[{"embeddable":true,"href":"https:\/\/blogdorogeriogomes.com.br\/noticias\/wp-json\/wp\/v2\/comments?post=13484"}],"version-history":[{"count":1,"href":"https:\/\/blogdorogeriogomes.com.br\/noticias\/wp-json\/wp\/v2\/posts\/13484\/revisions"}],"predecessor-version":[{"id":13486,"href":"https:\/\/blogdorogeriogomes.com.br\/noticias\/wp-json\/wp\/v2\/posts\/13484\/revisions\/13486"}],"wp:attachment":[{"href":"https:\/\/blogdorogeriogomes.com.br\/noticias\/wp-json\/wp\/v2\/media?parent=13484"}],"wp:term":[{"taxonomy":"category","embeddable":true,"href":"https:\/\/blogdorogeriogomes.com.br\/noticias\/wp-json\/wp\/v2\/categories?post=13484"},{"taxonomy":"post_tag","embeddable":true,"href":"https:\/\/blogdorogeriogomes.com.br\/noticias\/wp-json\/wp\/v2\/tags?post=13484"}],"curies":[{"name":"wp","href":"https:\/\/api.w.org\/{rel}","templated":true}]}}