{"id":13491,"date":"2019-08-01T08:33:03","date_gmt":"2019-08-01T08:33:03","guid":{"rendered":"http:\/\/blogdorogeriogomes.com.br\/?p=13491"},"modified":"2019-08-01T08:33:03","modified_gmt":"2019-08-01T08:33:03","slug":"deputados-estaduais-retomam-os-trabalhos-nesta-quinta-feira-na-al","status":"publish","type":"post","link":"https:\/\/blogdorogeriogomes.com.br\/noticias\/2019\/08\/deputados-estaduais-retomam-os-trabalhos-nesta-quinta-feira-na-al\/","title":{"rendered":"Deputados estaduais retomam os trabalhos nesta quinta-feira na AL"},"content":{"rendered":"<p><img loading=\"lazy\" decoding=\"async\" class=\"alignnone size-medium wp-image-13492\" src=\"http:\/\/blogdorogeriogomes.com.br\/wp-content\/uploads\/2019\/08\/IMG_20190801_052906_988-300x200.jpg\" alt=\"IMG_20190801_052906_988\" width=\"300\" height=\"200\" srcset=\"https:\/\/blogdorogeriogomes.com.br\/noticias\/wp-content\/uploads\/2019\/08\/IMG_20190801_052906_988-300x200.jpg 300w, https:\/\/blogdorogeriogomes.com.br\/noticias\/wp-content\/uploads\/2019\/08\/IMG_20190801_052906_988.jpg 400w\" sizes=\"auto, (max-width: 300px) 100vw, 300px\" \/><\/p>\n<p>A tramita\u00e7\u00e3o da Lei Or\u00e7ament\u00e1ria Anual (LOA), o anivers\u00e1rio de 30 anos da Constituinte Estadual, a reforma do Regimento Interno e a\u00e7\u00f5es na \u00e1rea cultural devem ser as prioridades para entrar em pauta na Assembleia Legislativa do Cear\u00e1 no segundo semestre. Ap\u00f3s o recesso parlamentar de julho, os trabalhos ser\u00e3o retomados pelos deputados estaduais nesta quinta-feira, dia 1\u00b0 de agosto.<br \/>\nDe acordo com o presidente da AL, Jos\u00e9 Sarto, at\u00e9 o fim do ano, a Assembleia votar\u00e1 a LOA, texto que determina o or\u00e7amento do Estado do Cear\u00e1 para o ano seguinte. Tamb\u00e9m deve avan\u00e7ar neste semestre a reforma do Regimento Interno da Assembleia, que n\u00e3o passa por atualiza\u00e7\u00e3o h\u00e1 29 anos.<br \/>\nSarto destacou ainda que, em outubro, haver\u00e1 as comemora\u00e7\u00f5es dos 30 anos da Constituinte Estadual. O trabalho resultou na Carta Magna do Cear\u00e1, elaborada de acordo com os princ\u00edpios da Constitui\u00e7\u00e3o Federal de 1988.<br \/>\nNa \u00e1rea cultural, o presidente da Assembleia refor\u00e7ou a estreia do Programa Ao P\u00e9 da Letra na TV Assembleia neste semestre. Outra novidade ser\u00e1 o Festival de M\u00fasica, que ocorrer\u00e1 no fim do ano.<\/p>\n","protected":false},"excerpt":{"rendered":"<p>A tramita\u00e7\u00e3o da Lei Or\u00e7ament\u00e1ria Anual (LOA), o anivers\u00e1rio de 30 anos da Constituinte Estadual, a reforma do Regimento Interno e a\u00e7\u00f5es na \u00e1rea cultural devem ser as prioridades para entrar em pauta na Assembleia Legislativa do Cear\u00e1 no segundo semestre. Ap\u00f3s o recesso parlamentar de julho, os trabalhos ser\u00e3o retomados pelos deputados estaduais nesta quinta-feira, dia 1\u00b0 de agosto. De acordo com o presidente da AL, Jos\u00e9 Sarto, at\u00e9 o fim do ano, a Assembleia votar\u00e1 a LOA,&hellip;<\/p>\n","protected":false},"author":1,"featured_media":0,"comment_status":"open","ping_status":"open","sticky":false,"template":"","format":"standard","meta":{"footnotes":""},"categories":[1],"tags":[],"class_list":["post-13491","post","type-post","status-publish","format-standard","hentry","category-noticias"],"_links":{"self":[{"href":"https:\/\/blogdorogeriogomes.com.br\/noticias\/wp-json\/wp\/v2\/posts\/13491","targetHints":{"allow":["GET"]}}],"collection":[{"href":"https:\/\/blogdorogeriogomes.com.br\/noticias\/wp-json\/wp\/v2\/posts"}],"about":[{"href":"https:\/\/blogdorogeriogomes.com.br\/noticias\/wp-json\/wp\/v2\/types\/post"}],"author":[{"embeddable":true,"href":"https:\/\/blogdorogeriogomes.com.br\/noticias\/wp-json\/wp\/v2\/users\/1"}],"replies":[{"embeddable":true,"href":"https:\/\/blogdorogeriogomes.com.br\/noticias\/wp-json\/wp\/v2\/comments?post=13491"}],"version-history":[{"count":1,"href":"https:\/\/blogdorogeriogomes.com.br\/noticias\/wp-json\/wp\/v2\/posts\/13491\/revisions"}],"predecessor-version":[{"id":13493,"href":"https:\/\/blogdorogeriogomes.com.br\/noticias\/wp-json\/wp\/v2\/posts\/13491\/revisions\/13493"}],"wp:attachment":[{"href":"https:\/\/blogdorogeriogomes.com.br\/noticias\/wp-json\/wp\/v2\/media?parent=13491"}],"wp:term":[{"taxonomy":"category","embeddable":true,"href":"https:\/\/blogdorogeriogomes.com.br\/noticias\/wp-json\/wp\/v2\/categories?post=13491"},{"taxonomy":"post_tag","embeddable":true,"href":"https:\/\/blogdorogeriogomes.com.br\/noticias\/wp-json\/wp\/v2\/tags?post=13491"}],"curies":[{"name":"wp","href":"https:\/\/api.w.org\/{rel}","templated":true}]}}