{"id":13497,"date":"2019-08-01T20:29:29","date_gmt":"2019-08-01T20:29:29","guid":{"rendered":"http:\/\/blogdorogeriogomes.com.br\/?p=13497"},"modified":"2019-08-01T20:29:29","modified_gmt":"2019-08-01T20:29:29","slug":"edital-de-concurso-publico-na-camara-municipal-de-fortaleza-e-lancado-na-reabertura-dos-trabalhos-no-2-semestre","status":"publish","type":"post","link":"https:\/\/blogdorogeriogomes.com.br\/noticias\/2019\/08\/edital-de-concurso-publico-na-camara-municipal-de-fortaleza-e-lancado-na-reabertura-dos-trabalhos-no-2-semestre\/","title":{"rendered":"Edital de concurso p\u00fablico na C\u00e2mara Municipal de Fortaleza \u00e9 lan\u00e7ado na reabertura dos trabalhos no 2\u00b0 semestre"},"content":{"rendered":"<p><img loading=\"lazy\" decoding=\"async\" class=\"alignnone size-medium wp-image-13498\" src=\"http:\/\/blogdorogeriogomes.com.br\/wp-content\/uploads\/2019\/08\/IMG_20190801_172545_082-300x200.jpg\" alt=\"IMG_20190801_172545_082\" width=\"300\" height=\"200\" srcset=\"https:\/\/blogdorogeriogomes.com.br\/noticias\/wp-content\/uploads\/2019\/08\/IMG_20190801_172545_082-300x200.jpg 300w, https:\/\/blogdorogeriogomes.com.br\/noticias\/wp-content\/uploads\/2019\/08\/IMG_20190801_172545_082-768x513.jpg 768w, https:\/\/blogdorogeriogomes.com.br\/noticias\/wp-content\/uploads\/2019\/08\/IMG_20190801_172545_082-1024x684.jpg 1024w, https:\/\/blogdorogeriogomes.com.br\/noticias\/wp-content\/uploads\/2019\/08\/IMG_20190801_172545_082.jpg 1068w\" sizes=\"auto, (max-width: 300px) 100vw, 300px\" \/><\/p>\n<p>O presidente da C\u00e2mara Municipal de Fortaleza, Ant\u00f4nio Henrique (PDT), lan\u00e7ou o edital do primeiro concurso p\u00fablico da Casa para 31 vagas de servidores, nesta quinta-feira, dia 1\u00b0 de agosto, na oportunidade que foram abertos os trabalhos legislativos do segundo semestre de 2019. Ant\u00f4nio Henrique, membros da Mesa Diretora e o promotor de Justi\u00e7a, Ricardo Lima, assinaram o edital, garantindo a sua publica\u00e7\u00e3o no site da Funda\u00e7\u00e3o Carlos Chagas, institui\u00e7\u00e3o organizadora do certame.<br \/>\nPresente \u00e0 sess\u00e3o de rein\u00edcio dos trabalhos na C\u00e2mara, o prefeito de Fortaleza, Roberto Cl\u00e1udio, anunciou que o Plano Diretor de Fortaleza n\u00e3o ter\u00e1 a discuss\u00e3o iniciada no Legislativo Municipal neste rein\u00edcio das atividades, como estava previsto. O projeto formalizado s\u00f3 deve ir \u00e0 Casa no pr\u00f3ximo ano, ap\u00f3s uma ampla discuss\u00e3o com a sociedade, atrav\u00e9s de debates nos 39 f\u00f3runs territoriais na cidade de Fortaleza.<\/p>\n","protected":false},"excerpt":{"rendered":"<p>O presidente da C\u00e2mara Municipal de Fortaleza, Ant\u00f4nio Henrique (PDT), lan\u00e7ou o edital do primeiro concurso p\u00fablico da Casa para 31 vagas de servidores, nesta quinta-feira, dia 1\u00b0 de agosto, na oportunidade que foram abertos os trabalhos legislativos do segundo semestre de 2019. Ant\u00f4nio Henrique, membros da Mesa Diretora e o promotor de Justi\u00e7a, Ricardo Lima, assinaram o edital, garantindo a sua publica\u00e7\u00e3o no site da Funda\u00e7\u00e3o Carlos Chagas, institui\u00e7\u00e3o organizadora do certame. Presente \u00e0 sess\u00e3o de rein\u00edcio dos&hellip;<\/p>\n","protected":false},"author":1,"featured_media":0,"comment_status":"open","ping_status":"open","sticky":false,"template":"","format":"standard","meta":{"footnotes":""},"categories":[1],"tags":[],"class_list":["post-13497","post","type-post","status-publish","format-standard","hentry","category-noticias"],"_links":{"self":[{"href":"https:\/\/blogdorogeriogomes.com.br\/noticias\/wp-json\/wp\/v2\/posts\/13497","targetHints":{"allow":["GET"]}}],"collection":[{"href":"https:\/\/blogdorogeriogomes.com.br\/noticias\/wp-json\/wp\/v2\/posts"}],"about":[{"href":"https:\/\/blogdorogeriogomes.com.br\/noticias\/wp-json\/wp\/v2\/types\/post"}],"author":[{"embeddable":true,"href":"https:\/\/blogdorogeriogomes.com.br\/noticias\/wp-json\/wp\/v2\/users\/1"}],"replies":[{"embeddable":true,"href":"https:\/\/blogdorogeriogomes.com.br\/noticias\/wp-json\/wp\/v2\/comments?post=13497"}],"version-history":[{"count":1,"href":"https:\/\/blogdorogeriogomes.com.br\/noticias\/wp-json\/wp\/v2\/posts\/13497\/revisions"}],"predecessor-version":[{"id":13499,"href":"https:\/\/blogdorogeriogomes.com.br\/noticias\/wp-json\/wp\/v2\/posts\/13497\/revisions\/13499"}],"wp:attachment":[{"href":"https:\/\/blogdorogeriogomes.com.br\/noticias\/wp-json\/wp\/v2\/media?parent=13497"}],"wp:term":[{"taxonomy":"category","embeddable":true,"href":"https:\/\/blogdorogeriogomes.com.br\/noticias\/wp-json\/wp\/v2\/categories?post=13497"},{"taxonomy":"post_tag","embeddable":true,"href":"https:\/\/blogdorogeriogomes.com.br\/noticias\/wp-json\/wp\/v2\/tags?post=13497"}],"curies":[{"name":"wp","href":"https:\/\/api.w.org\/{rel}","templated":true}]}}