{"id":13500,"date":"2019-08-01T21:17:34","date_gmt":"2019-08-01T21:17:34","guid":{"rendered":"http:\/\/blogdorogeriogomes.com.br\/?p=13500"},"modified":"2019-08-01T21:17:34","modified_gmt":"2019-08-01T21:17:34","slug":"ministros-do-stf-se-manifestam-sobre-acoes-de-dallagnol-e-procuradores-da-lava-jato","status":"publish","type":"post","link":"https:\/\/blogdorogeriogomes.com.br\/noticias\/2019\/08\/ministros-do-stf-se-manifestam-sobre-acoes-de-dallagnol-e-procuradores-da-lava-jato\/","title":{"rendered":"Ministros do STF se manifestam sobre a\u00e7\u00f5es de Dallagnol e procuradores da Lava Jato"},"content":{"rendered":"<p><img loading=\"lazy\" decoding=\"async\" class=\"alignnone size-medium wp-image-13501\" src=\"http:\/\/blogdorogeriogomes.com.br\/wp-content\/uploads\/2019\/08\/IMG_20190801_181113_159-300x261.jpg\" alt=\"IMG_20190801_181113_159\" width=\"300\" height=\"261\" srcset=\"https:\/\/blogdorogeriogomes.com.br\/noticias\/wp-content\/uploads\/2019\/08\/IMG_20190801_181113_159-300x261.jpg 300w, https:\/\/blogdorogeriogomes.com.br\/noticias\/wp-content\/uploads\/2019\/08\/IMG_20190801_181113_159.jpg 520w\" sizes=\"auto, (max-width: 300px) 100vw, 300px\" \/><\/p>\n<p>O presidente do STF, Dias Toffoli, e o ministro Gilmar Mendes avaliam que medidas ir\u00e3o tomar contra o coordenador da Lava Jato, Deltan Dallagnol, ap\u00f3s revela\u00e7\u00f5es da Folha e do The Intercept Brasil, onde o coordenador da Lava Jato incentivou procuradores de Bras\u00edlia e Curitiba a investigar den\u00fancias contra Dias Toffoli e a esposa em 2016.<br \/>\nO ministro do STF, Gilmar Mendes, defendeu que o Conselho Nacional de Justi\u00e7a e o Conselho Nacional do Minist\u00e9rio P\u00fablico apurem as novas revela\u00e7\u00f5es da Vaza Jato sobre Deltan Dallagnol. &#8220;Todos n\u00f3s temos que nos debru\u00e7ar sobre esse tema. O CNJ precisa. Os deveres \u00e9ticos dos ju\u00edzes, os deveres \u00e9ticos do juiz, o que ele pode e n\u00e3o poder fazer. O CNMP, os \u00f3rg\u00e3os de correi\u00e7\u00e3o&#8221;, afirmou.<br \/>\nO ministro Marco Aur\u00e9lio Mello classificou como &#8220;inconceb\u00edvel&#8221; o fato de um procurador da Rep\u00fablica de primeira inst\u00e2ncia buscar investigar atividades desenvolvidas por ministros do STF.<br \/>\nO ministro Luiz Fux determinou, nesta quinta-feira, dia 1\u00b0 de agosto, que o Minist\u00e9rio da Justi\u00e7a, comandado por Sergio Moro, e a Pol\u00edcia Federal preservem as provas encontradas com os suspeitos de terem invadido contas de autoridades do aplicativo de mensagens Telegram. Fux tamb\u00e9m determinou que c\u00f3pia do inqu\u00e9rito seja remetida ao STF.<\/p>\n","protected":false},"excerpt":{"rendered":"<p>O presidente do STF, Dias Toffoli, e o ministro Gilmar Mendes avaliam que medidas ir\u00e3o tomar contra o coordenador da Lava Jato, Deltan Dallagnol, ap\u00f3s revela\u00e7\u00f5es da Folha e do The Intercept Brasil, onde o coordenador da Lava Jato incentivou procuradores de Bras\u00edlia e Curitiba a investigar den\u00fancias contra Dias Toffoli e a esposa em 2016. O ministro do STF, Gilmar Mendes, defendeu que o Conselho Nacional de Justi\u00e7a e o Conselho Nacional do Minist\u00e9rio P\u00fablico apurem as novas&hellip;<\/p>\n","protected":false},"author":1,"featured_media":0,"comment_status":"open","ping_status":"open","sticky":false,"template":"","format":"standard","meta":{"footnotes":""},"categories":[1],"tags":[],"class_list":["post-13500","post","type-post","status-publish","format-standard","hentry","category-noticias"],"_links":{"self":[{"href":"https:\/\/blogdorogeriogomes.com.br\/noticias\/wp-json\/wp\/v2\/posts\/13500","targetHints":{"allow":["GET"]}}],"collection":[{"href":"https:\/\/blogdorogeriogomes.com.br\/noticias\/wp-json\/wp\/v2\/posts"}],"about":[{"href":"https:\/\/blogdorogeriogomes.com.br\/noticias\/wp-json\/wp\/v2\/types\/post"}],"author":[{"embeddable":true,"href":"https:\/\/blogdorogeriogomes.com.br\/noticias\/wp-json\/wp\/v2\/users\/1"}],"replies":[{"embeddable":true,"href":"https:\/\/blogdorogeriogomes.com.br\/noticias\/wp-json\/wp\/v2\/comments?post=13500"}],"version-history":[{"count":1,"href":"https:\/\/blogdorogeriogomes.com.br\/noticias\/wp-json\/wp\/v2\/posts\/13500\/revisions"}],"predecessor-version":[{"id":13502,"href":"https:\/\/blogdorogeriogomes.com.br\/noticias\/wp-json\/wp\/v2\/posts\/13500\/revisions\/13502"}],"wp:attachment":[{"href":"https:\/\/blogdorogeriogomes.com.br\/noticias\/wp-json\/wp\/v2\/media?parent=13500"}],"wp:term":[{"taxonomy":"category","embeddable":true,"href":"https:\/\/blogdorogeriogomes.com.br\/noticias\/wp-json\/wp\/v2\/categories?post=13500"},{"taxonomy":"post_tag","embeddable":true,"href":"https:\/\/blogdorogeriogomes.com.br\/noticias\/wp-json\/wp\/v2\/tags?post=13500"}],"curies":[{"name":"wp","href":"https:\/\/api.w.org\/{rel}","templated":true}]}}