{"id":13503,"date":"2019-08-02T08:20:19","date_gmt":"2019-08-02T08:20:19","guid":{"rendered":"http:\/\/blogdorogeriogomes.com.br\/?p=13503"},"modified":"2019-08-02T08:20:19","modified_gmt":"2019-08-02T08:20:19","slug":"feirantes-da-beira-mar-serao-realocados-para-a-praia-de-iracema-durante-obras","status":"publish","type":"post","link":"https:\/\/blogdorogeriogomes.com.br\/noticias\/2019\/08\/feirantes-da-beira-mar-serao-realocados-para-a-praia-de-iracema-durante-obras\/","title":{"rendered":"Feirantes da Beira Mar ser\u00e3o realocados para a Praia de Iracema durante obras"},"content":{"rendered":"<p><img loading=\"lazy\" decoding=\"async\" class=\"alignnone size-medium wp-image-13504\" src=\"http:\/\/blogdorogeriogomes.com.br\/wp-content\/uploads\/2019\/08\/IMG_20190802_051645_960-300x200.jpg\" alt=\"IMG_20190802_051645_960\" width=\"300\" height=\"200\" srcset=\"https:\/\/blogdorogeriogomes.com.br\/noticias\/wp-content\/uploads\/2019\/08\/IMG_20190802_051645_960-300x200.jpg 300w, https:\/\/blogdorogeriogomes.com.br\/noticias\/wp-content\/uploads\/2019\/08\/IMG_20190802_051645_960.jpg 678w\" sizes=\"auto, (max-width: 300px) 100vw, 300px\" \/><\/p>\n<p>A tradicional Feirinha da Beira Mar ser\u00e1 transferida para o Aterro da Praia de Iracema, de forma provis\u00f3ria, at\u00e9 a conclus\u00e3o das obras de requalifica\u00e7\u00e3o da avenida Beira Mar, que est\u00e1 sendo executada pela Prefeitura de Fortaleza. O nome do projeto \u00e9 \u201cBeira Mar de Todos\u201d.<br \/>\nO secret\u00e1rio da Regional II, Ferruccio Feitosa, estima que a previs\u00e3o para a finaliza\u00e7\u00e3o das obras e retorno dos feirantes ao local original \u00e9 at\u00e9 agosto de 2020. Ser\u00e3o executados servi\u00e7os de drenagem, pavimenta\u00e7\u00e3o nova na avenida, internaliza\u00e7\u00e3o de cabos de empresas de telefonia e de Internet, cal\u00e7ad\u00e3o novo, pista de cooper nova e ciclovia. Ao todo, 663 comerciantes ser\u00e3o transferidos.<\/p>\n","protected":false},"excerpt":{"rendered":"<p>A tradicional Feirinha da Beira Mar ser\u00e1 transferida para o Aterro da Praia de Iracema, de forma provis\u00f3ria, at\u00e9 a conclus\u00e3o das obras de requalifica\u00e7\u00e3o da avenida Beira Mar, que est\u00e1 sendo executada pela Prefeitura de Fortaleza. O nome do projeto \u00e9 \u201cBeira Mar de Todos\u201d. O secret\u00e1rio da Regional II, Ferruccio Feitosa, estima que a previs\u00e3o para a finaliza\u00e7\u00e3o das obras e retorno dos feirantes ao local original \u00e9 at\u00e9 agosto de 2020. Ser\u00e3o executados servi\u00e7os de drenagem,&hellip;<\/p>\n","protected":false},"author":1,"featured_media":0,"comment_status":"open","ping_status":"open","sticky":false,"template":"","format":"standard","meta":{"footnotes":""},"categories":[1],"tags":[],"class_list":["post-13503","post","type-post","status-publish","format-standard","hentry","category-noticias"],"_links":{"self":[{"href":"https:\/\/blogdorogeriogomes.com.br\/noticias\/wp-json\/wp\/v2\/posts\/13503","targetHints":{"allow":["GET"]}}],"collection":[{"href":"https:\/\/blogdorogeriogomes.com.br\/noticias\/wp-json\/wp\/v2\/posts"}],"about":[{"href":"https:\/\/blogdorogeriogomes.com.br\/noticias\/wp-json\/wp\/v2\/types\/post"}],"author":[{"embeddable":true,"href":"https:\/\/blogdorogeriogomes.com.br\/noticias\/wp-json\/wp\/v2\/users\/1"}],"replies":[{"embeddable":true,"href":"https:\/\/blogdorogeriogomes.com.br\/noticias\/wp-json\/wp\/v2\/comments?post=13503"}],"version-history":[{"count":1,"href":"https:\/\/blogdorogeriogomes.com.br\/noticias\/wp-json\/wp\/v2\/posts\/13503\/revisions"}],"predecessor-version":[{"id":13505,"href":"https:\/\/blogdorogeriogomes.com.br\/noticias\/wp-json\/wp\/v2\/posts\/13503\/revisions\/13505"}],"wp:attachment":[{"href":"https:\/\/blogdorogeriogomes.com.br\/noticias\/wp-json\/wp\/v2\/media?parent=13503"}],"wp:term":[{"taxonomy":"category","embeddable":true,"href":"https:\/\/blogdorogeriogomes.com.br\/noticias\/wp-json\/wp\/v2\/categories?post=13503"},{"taxonomy":"post_tag","embeddable":true,"href":"https:\/\/blogdorogeriogomes.com.br\/noticias\/wp-json\/wp\/v2\/tags?post=13503"}],"curies":[{"name":"wp","href":"https:\/\/api.w.org\/{rel}","templated":true}]}}