{"id":13506,"date":"2019-08-02T08:31:43","date_gmt":"2019-08-02T08:31:43","guid":{"rendered":"http:\/\/blogdorogeriogomes.com.br\/?p=13506"},"modified":"2019-08-02T08:31:43","modified_gmt":"2019-08-02T08:31:43","slug":"bolsonaro-se-irrita-com-freio-imposto-pela-justica-em-medidas-polemicas","status":"publish","type":"post","link":"https:\/\/blogdorogeriogomes.com.br\/noticias\/2019\/08\/bolsonaro-se-irrita-com-freio-imposto-pela-justica-em-medidas-polemicas\/","title":{"rendered":"Bolsonaro se irrita com \u201cfreio\u201d imposto pela Justi\u00e7a em medidas pol\u00eamicas"},"content":{"rendered":"<p><img loading=\"lazy\" decoding=\"async\" class=\"alignnone size-medium wp-image-13507\" src=\"http:\/\/blogdorogeriogomes.com.br\/wp-content\/uploads\/2019\/08\/IMG_20190802_052917_278-300x202.jpg\" alt=\"IMG_20190802_052917_278\" width=\"300\" height=\"202\" srcset=\"https:\/\/blogdorogeriogomes.com.br\/noticias\/wp-content\/uploads\/2019\/08\/IMG_20190802_052917_278-300x202.jpg 300w, https:\/\/blogdorogeriogomes.com.br\/noticias\/wp-content\/uploads\/2019\/08\/IMG_20190802_052917_278-768x517.jpg 768w, https:\/\/blogdorogeriogomes.com.br\/noticias\/wp-content\/uploads\/2019\/08\/IMG_20190802_052917_278.jpg 856w\" sizes=\"auto, (max-width: 300px) 100vw, 300px\" \/><\/p>\n<p>Uma das dificuldades que o presidente Jair Bolsonaro tem enfrentado no Planalto \u00e9 que ele toma decis\u00f5es \u00e0 revelia, muitas vezes pol\u00eamicas, que dependem da aprecia\u00e7\u00e3o do Congresso. Nesta hora, entra o Judici\u00e1rio que acaba barrando a decis\u00e3o presidencial.<br \/>\nNesta quinta-feira, dia 1\u00b0 de agosto, Bolsonaro criticou decis\u00f5es recentes da Justi\u00e7a que contrariaram propostas encampadas pelo governo, como o fim da instala\u00e7\u00e3o de radares em rodovias federais e a extin\u00e7\u00e3o de cargos comissionados no servi\u00e7o p\u00fablico.<br \/>\nMais cedo, o Supremo Tribunal Federal (STF) barrou uma Medida Provis\u00f3ria do governo que remanejava as demarca\u00e7\u00f5es de terras ind\u00edgenas da Funai para o minist\u00e9rio da Agricultura. A ideia j\u00e1 havia sido rejeitada pelo Congresso, mas Bolsonaro reeditou uma MP com o mesmo teor, o que \u00e9 considerado inconstitucional.<br \/>\nEm algum momento, talvez, Bolsonaro entenda que n\u00e3o se governa sozinho.<\/p>\n","protected":false},"excerpt":{"rendered":"<p>Uma das dificuldades que o presidente Jair Bolsonaro tem enfrentado no Planalto \u00e9 que ele toma decis\u00f5es \u00e0 revelia, muitas vezes pol\u00eamicas, que dependem da aprecia\u00e7\u00e3o do Congresso. Nesta hora, entra o Judici\u00e1rio que acaba barrando a decis\u00e3o presidencial. Nesta quinta-feira, dia 1\u00b0 de agosto, Bolsonaro criticou decis\u00f5es recentes da Justi\u00e7a que contrariaram propostas encampadas pelo governo, como o fim da instala\u00e7\u00e3o de radares em rodovias federais e a extin\u00e7\u00e3o de cargos comissionados no servi\u00e7o p\u00fablico. Mais cedo, o&hellip;<\/p>\n","protected":false},"author":1,"featured_media":0,"comment_status":"open","ping_status":"open","sticky":false,"template":"","format":"standard","meta":{"footnotes":""},"categories":[1],"tags":[],"class_list":["post-13506","post","type-post","status-publish","format-standard","hentry","category-noticias"],"_links":{"self":[{"href":"https:\/\/blogdorogeriogomes.com.br\/noticias\/wp-json\/wp\/v2\/posts\/13506","targetHints":{"allow":["GET"]}}],"collection":[{"href":"https:\/\/blogdorogeriogomes.com.br\/noticias\/wp-json\/wp\/v2\/posts"}],"about":[{"href":"https:\/\/blogdorogeriogomes.com.br\/noticias\/wp-json\/wp\/v2\/types\/post"}],"author":[{"embeddable":true,"href":"https:\/\/blogdorogeriogomes.com.br\/noticias\/wp-json\/wp\/v2\/users\/1"}],"replies":[{"embeddable":true,"href":"https:\/\/blogdorogeriogomes.com.br\/noticias\/wp-json\/wp\/v2\/comments?post=13506"}],"version-history":[{"count":1,"href":"https:\/\/blogdorogeriogomes.com.br\/noticias\/wp-json\/wp\/v2\/posts\/13506\/revisions"}],"predecessor-version":[{"id":13508,"href":"https:\/\/blogdorogeriogomes.com.br\/noticias\/wp-json\/wp\/v2\/posts\/13506\/revisions\/13508"}],"wp:attachment":[{"href":"https:\/\/blogdorogeriogomes.com.br\/noticias\/wp-json\/wp\/v2\/media?parent=13506"}],"wp:term":[{"taxonomy":"category","embeddable":true,"href":"https:\/\/blogdorogeriogomes.com.br\/noticias\/wp-json\/wp\/v2\/categories?post=13506"},{"taxonomy":"post_tag","embeddable":true,"href":"https:\/\/blogdorogeriogomes.com.br\/noticias\/wp-json\/wp\/v2\/tags?post=13506"}],"curies":[{"name":"wp","href":"https:\/\/api.w.org\/{rel}","templated":true}]}}