{"id":13509,"date":"2019-08-02T20:08:52","date_gmt":"2019-08-02T20:08:52","guid":{"rendered":"http:\/\/blogdorogeriogomes.com.br\/?p=13509"},"modified":"2019-08-02T20:08:52","modified_gmt":"2019-08-02T20:08:52","slug":"tasso-jereissati-cobra-independencia-na-pauta-do-congresso-em-relacao-a-bolsonaro","status":"publish","type":"post","link":"https:\/\/blogdorogeriogomes.com.br\/noticias\/2019\/08\/tasso-jereissati-cobra-independencia-na-pauta-do-congresso-em-relacao-a-bolsonaro\/","title":{"rendered":"Tasso Jereissati cobra independ\u00eancia na pauta do Congresso em rela\u00e7\u00e3o a Bolsonaro"},"content":{"rendered":"<p><img loading=\"lazy\" decoding=\"async\" class=\"alignnone size-medium wp-image-13510\" src=\"http:\/\/blogdorogeriogomes.com.br\/wp-content\/uploads\/2019\/08\/IMG_20190802_170431_578-300x260.jpg\" alt=\"IMG_20190802_170431_578\" width=\"300\" height=\"260\" srcset=\"https:\/\/blogdorogeriogomes.com.br\/noticias\/wp-content\/uploads\/2019\/08\/IMG_20190802_170431_578-300x260.jpg 300w, https:\/\/blogdorogeriogomes.com.br\/noticias\/wp-content\/uploads\/2019\/08\/IMG_20190802_170431_578.jpg 521w\" sizes=\"auto, (max-width: 300px) 100vw, 300px\" \/><\/p>\n<p>Durante participa\u00e7\u00e3o em evento da Federa\u00e7\u00e3o das Ind\u00fastrias do Estado (Fiec), em Fortaleza, nesta sexta-feira, dia 2 de agosto, o senador cearense Tasso Jereissati (PSDB) defendeu que o Congresso Nacional deve elaborar a sua pr\u00f3pria pauta, independente dos posicionamentos e pol\u00eamicas criadas pelo presidente da Rep\u00fablica, Jair Bolsonaro. \u201cTemos que fazer a pauta pr\u00f3pria do Congresso, independente do que diz o presidente ou do que ele deixa de dizer. Se formos ficar perturbados pelo que ele diz a\u00ed, o Brasil cria uma confus\u00e3o que n\u00e3o tem tamanho&#8221;.<br \/>\nTasso ainda mostrou preocupa\u00e7\u00e3o com a indica\u00e7\u00e3o do deputado federal, Eduardo Bolsonaro (PSL), filho de Jair Bolsonaro,para a embaixada do Brasil nos Estados Unidos. O nome de Eduardo Bolsonaro ainda ter\u00e1 de passar por an\u00e1lise do Senado Federal. \u201cPrecisa chegar o nome, que vai para a comiss\u00e3o. Eu n\u00e3o sou da comiss\u00e3o, essa decis\u00e3o vamos tomar no plen\u00e1rio, mas, a princ\u00edpio, vejo com muita cautela essa indica\u00e7\u00e3o e muita preocupa\u00e7\u00e3o&#8221;.<\/p>\n","protected":false},"excerpt":{"rendered":"<p>Durante participa\u00e7\u00e3o em evento da Federa\u00e7\u00e3o das Ind\u00fastrias do Estado (Fiec), em Fortaleza, nesta sexta-feira, dia 2 de agosto, o senador cearense Tasso Jereissati (PSDB) defendeu que o Congresso Nacional deve elaborar a sua pr\u00f3pria pauta, independente dos posicionamentos e pol\u00eamicas criadas pelo presidente da Rep\u00fablica, Jair Bolsonaro. \u201cTemos que fazer a pauta pr\u00f3pria do Congresso, independente do que diz o presidente ou do que ele deixa de dizer. Se formos ficar perturbados pelo que ele diz a\u00ed, o&hellip;<\/p>\n","protected":false},"author":1,"featured_media":0,"comment_status":"open","ping_status":"open","sticky":false,"template":"","format":"standard","meta":{"footnotes":""},"categories":[1],"tags":[],"class_list":["post-13509","post","type-post","status-publish","format-standard","hentry","category-noticias"],"_links":{"self":[{"href":"https:\/\/blogdorogeriogomes.com.br\/noticias\/wp-json\/wp\/v2\/posts\/13509","targetHints":{"allow":["GET"]}}],"collection":[{"href":"https:\/\/blogdorogeriogomes.com.br\/noticias\/wp-json\/wp\/v2\/posts"}],"about":[{"href":"https:\/\/blogdorogeriogomes.com.br\/noticias\/wp-json\/wp\/v2\/types\/post"}],"author":[{"embeddable":true,"href":"https:\/\/blogdorogeriogomes.com.br\/noticias\/wp-json\/wp\/v2\/users\/1"}],"replies":[{"embeddable":true,"href":"https:\/\/blogdorogeriogomes.com.br\/noticias\/wp-json\/wp\/v2\/comments?post=13509"}],"version-history":[{"count":1,"href":"https:\/\/blogdorogeriogomes.com.br\/noticias\/wp-json\/wp\/v2\/posts\/13509\/revisions"}],"predecessor-version":[{"id":13511,"href":"https:\/\/blogdorogeriogomes.com.br\/noticias\/wp-json\/wp\/v2\/posts\/13509\/revisions\/13511"}],"wp:attachment":[{"href":"https:\/\/blogdorogeriogomes.com.br\/noticias\/wp-json\/wp\/v2\/media?parent=13509"}],"wp:term":[{"taxonomy":"category","embeddable":true,"href":"https:\/\/blogdorogeriogomes.com.br\/noticias\/wp-json\/wp\/v2\/categories?post=13509"},{"taxonomy":"post_tag","embeddable":true,"href":"https:\/\/blogdorogeriogomes.com.br\/noticias\/wp-json\/wp\/v2\/tags?post=13509"}],"curies":[{"name":"wp","href":"https:\/\/api.w.org\/{rel}","templated":true}]}}