{"id":13512,"date":"2019-08-03T11:21:05","date_gmt":"2019-08-03T11:21:05","guid":{"rendered":"http:\/\/blogdorogeriogomes.com.br\/?p=13512"},"modified":"2019-08-03T11:21:05","modified_gmt":"2019-08-03T11:21:05","slug":"camilo-santana-entrega-nova-sede-do-cpchoque-na-praia-do-futuro","status":"publish","type":"post","link":"https:\/\/blogdorogeriogomes.com.br\/noticias\/2019\/08\/camilo-santana-entrega-nova-sede-do-cpchoque-na-praia-do-futuro\/","title":{"rendered":"Camilo Santana entrega nova sede do CPChoque na Praia do Futuro"},"content":{"rendered":"<p><img loading=\"lazy\" decoding=\"async\" class=\"alignnone size-medium wp-image-13513\" src=\"http:\/\/blogdorogeriogomes.com.br\/wp-content\/uploads\/2019\/08\/IMG_20190803_081621_508-300x232.jpg\" alt=\"IMG_20190803_081621_508\" width=\"300\" height=\"232\" srcset=\"https:\/\/blogdorogeriogomes.com.br\/noticias\/wp-content\/uploads\/2019\/08\/IMG_20190803_081621_508-300x232.jpg 300w, https:\/\/blogdorogeriogomes.com.br\/noticias\/wp-content\/uploads\/2019\/08\/IMG_20190803_081621_508.jpg 585w\" sizes=\"auto, (max-width: 300px) 100vw, 300px\" \/><\/p>\n<p>O novo complexo do Comando de Policiamento de Choque (CPChoque) da Pol\u00edcia Militar do Cear\u00e1, localizado na Praia do Futuro, em Fortaleza, ser\u00e1 inaugurado nesta segunda-feira, dia 5 de agosto, pelo governador Camilo Santana. As novas instala\u00e7\u00f5es foram constru\u00eddas a partir de parceria com o setor privado, por meio do grupo M. Dias Branco. O evento contar\u00e1 com a presen\u00e7a ainda do prefeito de Fortaleza, Roberto Cl\u00e1udio.<br \/>\nO Complexo tem uma \u00e1rea de 10.000 m\u00b2, sendo 3.300 m\u00b2 de \u00e1rea constru\u00edda. Dentre os destaques do empreendimento, ressalta-se uma piscina semiol\u00edmpica, uma academia de muscula\u00e7\u00e3o com aparelhos todos novos que poder\u00e1 ser utilizada pelo efetivo do CPChoque, um gerador de energia e um audit\u00f3rio com capacidade para 80 pessoas.<\/p>\n","protected":false},"excerpt":{"rendered":"<p>O novo complexo do Comando de Policiamento de Choque (CPChoque) da Pol\u00edcia Militar do Cear\u00e1, localizado na Praia do Futuro, em Fortaleza, ser\u00e1 inaugurado nesta segunda-feira, dia 5 de agosto, pelo governador Camilo Santana. As novas instala\u00e7\u00f5es foram constru\u00eddas a partir de parceria com o setor privado, por meio do grupo M. Dias Branco. O evento contar\u00e1 com a presen\u00e7a ainda do prefeito de Fortaleza, Roberto Cl\u00e1udio. O Complexo tem uma \u00e1rea de 10.000 m\u00b2, sendo 3.300 m\u00b2 de&hellip;<\/p>\n","protected":false},"author":1,"featured_media":0,"comment_status":"open","ping_status":"open","sticky":false,"template":"","format":"standard","meta":{"footnotes":""},"categories":[1],"tags":[],"class_list":["post-13512","post","type-post","status-publish","format-standard","hentry","category-noticias"],"_links":{"self":[{"href":"https:\/\/blogdorogeriogomes.com.br\/noticias\/wp-json\/wp\/v2\/posts\/13512","targetHints":{"allow":["GET"]}}],"collection":[{"href":"https:\/\/blogdorogeriogomes.com.br\/noticias\/wp-json\/wp\/v2\/posts"}],"about":[{"href":"https:\/\/blogdorogeriogomes.com.br\/noticias\/wp-json\/wp\/v2\/types\/post"}],"author":[{"embeddable":true,"href":"https:\/\/blogdorogeriogomes.com.br\/noticias\/wp-json\/wp\/v2\/users\/1"}],"replies":[{"embeddable":true,"href":"https:\/\/blogdorogeriogomes.com.br\/noticias\/wp-json\/wp\/v2\/comments?post=13512"}],"version-history":[{"count":1,"href":"https:\/\/blogdorogeriogomes.com.br\/noticias\/wp-json\/wp\/v2\/posts\/13512\/revisions"}],"predecessor-version":[{"id":13514,"href":"https:\/\/blogdorogeriogomes.com.br\/noticias\/wp-json\/wp\/v2\/posts\/13512\/revisions\/13514"}],"wp:attachment":[{"href":"https:\/\/blogdorogeriogomes.com.br\/noticias\/wp-json\/wp\/v2\/media?parent=13512"}],"wp:term":[{"taxonomy":"category","embeddable":true,"href":"https:\/\/blogdorogeriogomes.com.br\/noticias\/wp-json\/wp\/v2\/categories?post=13512"},{"taxonomy":"post_tag","embeddable":true,"href":"https:\/\/blogdorogeriogomes.com.br\/noticias\/wp-json\/wp\/v2\/tags?post=13512"}],"curies":[{"name":"wp","href":"https:\/\/api.w.org\/{rel}","templated":true}]}}