{"id":13517,"date":"2019-08-04T11:17:39","date_gmt":"2019-08-04T11:17:39","guid":{"rendered":"http:\/\/blogdorogeriogomes.com.br\/?p=13517"},"modified":"2019-08-04T11:17:39","modified_gmt":"2019-08-04T11:17:39","slug":"moro-omitiu-palestra-remunerada-em-prestacao-de-contas-como-juiz-federal-diz-folha","status":"publish","type":"post","link":"https:\/\/blogdorogeriogomes.com.br\/noticias\/2019\/08\/moro-omitiu-palestra-remunerada-em-prestacao-de-contas-como-juiz-federal-diz-folha\/","title":{"rendered":"Moro omitiu palestra remunerada em presta\u00e7\u00e3o de contas como juiz federal, diz Folha"},"content":{"rendered":"<p><img loading=\"lazy\" decoding=\"async\" class=\"alignnone size-medium wp-image-13518\" src=\"http:\/\/blogdorogeriogomes.com.br\/wp-content\/uploads\/2019\/08\/IMG_20190804_081331_670-300x229.jpg\" alt=\"IMG_20190804_081331_670\" width=\"300\" height=\"229\" srcset=\"https:\/\/blogdorogeriogomes.com.br\/noticias\/wp-content\/uploads\/2019\/08\/IMG_20190804_081331_670-300x229.jpg 300w, https:\/\/blogdorogeriogomes.com.br\/noticias\/wp-content\/uploads\/2019\/08\/IMG_20190804_081331_670-768x587.jpg 768w, https:\/\/blogdorogeriogomes.com.br\/noticias\/wp-content\/uploads\/2019\/08\/IMG_20190804_081331_670.jpg 893w\" sizes=\"auto, (max-width: 300px) 100vw, 300px\" \/><\/p>\n<p>Reportagem publicada pela Folha de S\u00e3o Paulo, neste domingo, dia 4 de agosto, mostra que o ministro da Justi\u00e7a, Sergio Moro, omitiu uma palestra remunerada que deu em setembro de 2016 ao prestar contas de suas atividades quando era o juiz respons\u00e1vel pelas a\u00e7\u00f5es da Opera\u00e7\u00e3o Lava Jato em Curitiba.<br \/>\nO Tribunal Regional Federal da 4\u00aa Regi\u00e3o, respons\u00e1vel pela revis\u00e3o dos processos da primeira inst\u00e2ncia do Paran\u00e1, informou que Moro declarou ter participado de 16 eventos externos em 2016, incluindo 9 palestras, 3 homenagens e 2 audi\u00eancias no Congresso Nacional.<br \/>\nMas a rela\u00e7\u00e3o de eventos n\u00e3o inclui uma palestra mencionada numa mensagem que ele enviou ao procurador Deltan Dallagnol pelo aplicativo Telegram em 2017, que faz parte do pacote obtido pelo site The Intercept Brasil.<br \/>\nNo dia 22 de de maio de 2017, Moro disse a Deltan que um executivo do grupo de comunica\u00e7\u00e3o Sinos queria seu contato para fazer um convite.<br \/>\n&#8220;Ano passado dei uma palestra l\u00e1 para eles, bem organizada e bem paga&#8221;, escreveu o juiz. &#8220;Passa sim!&#8221;, respondeu Deltan, coordenador da for\u00e7a-tarefa da Lava Jato em Curitiba.<\/p>\n","protected":false},"excerpt":{"rendered":"<p>Reportagem publicada pela Folha de S\u00e3o Paulo, neste domingo, dia 4 de agosto, mostra que o ministro da Justi\u00e7a, Sergio Moro, omitiu uma palestra remunerada que deu em setembro de 2016 ao prestar contas de suas atividades quando era o juiz respons\u00e1vel pelas a\u00e7\u00f5es da Opera\u00e7\u00e3o Lava Jato em Curitiba. O Tribunal Regional Federal da 4\u00aa Regi\u00e3o, respons\u00e1vel pela revis\u00e3o dos processos da primeira inst\u00e2ncia do Paran\u00e1, informou que Moro declarou ter participado de 16 eventos externos em 2016,&hellip;<\/p>\n","protected":false},"author":1,"featured_media":0,"comment_status":"open","ping_status":"open","sticky":false,"template":"","format":"standard","meta":{"footnotes":""},"categories":[1],"tags":[],"class_list":["post-13517","post","type-post","status-publish","format-standard","hentry","category-noticias"],"_links":{"self":[{"href":"https:\/\/blogdorogeriogomes.com.br\/noticias\/wp-json\/wp\/v2\/posts\/13517","targetHints":{"allow":["GET"]}}],"collection":[{"href":"https:\/\/blogdorogeriogomes.com.br\/noticias\/wp-json\/wp\/v2\/posts"}],"about":[{"href":"https:\/\/blogdorogeriogomes.com.br\/noticias\/wp-json\/wp\/v2\/types\/post"}],"author":[{"embeddable":true,"href":"https:\/\/blogdorogeriogomes.com.br\/noticias\/wp-json\/wp\/v2\/users\/1"}],"replies":[{"embeddable":true,"href":"https:\/\/blogdorogeriogomes.com.br\/noticias\/wp-json\/wp\/v2\/comments?post=13517"}],"version-history":[{"count":1,"href":"https:\/\/blogdorogeriogomes.com.br\/noticias\/wp-json\/wp\/v2\/posts\/13517\/revisions"}],"predecessor-version":[{"id":13519,"href":"https:\/\/blogdorogeriogomes.com.br\/noticias\/wp-json\/wp\/v2\/posts\/13517\/revisions\/13519"}],"wp:attachment":[{"href":"https:\/\/blogdorogeriogomes.com.br\/noticias\/wp-json\/wp\/v2\/media?parent=13517"}],"wp:term":[{"taxonomy":"category","embeddable":true,"href":"https:\/\/blogdorogeriogomes.com.br\/noticias\/wp-json\/wp\/v2\/categories?post=13517"},{"taxonomy":"post_tag","embeddable":true,"href":"https:\/\/blogdorogeriogomes.com.br\/noticias\/wp-json\/wp\/v2\/tags?post=13517"}],"curies":[{"name":"wp","href":"https:\/\/api.w.org\/{rel}","templated":true}]}}