{"id":13520,"date":"2019-08-05T08:49:03","date_gmt":"2019-08-05T08:49:03","guid":{"rendered":"http:\/\/blogdorogeriogomes.com.br\/?p=13520"},"modified":"2019-08-05T08:49:03","modified_gmt":"2019-08-05T08:49:03","slug":"trabalhos-no-congresso-nacional-devem-voltar-a-se-intensificar-nesta-semana","status":"publish","type":"post","link":"https:\/\/blogdorogeriogomes.com.br\/noticias\/2019\/08\/trabalhos-no-congresso-nacional-devem-voltar-a-se-intensificar-nesta-semana\/","title":{"rendered":"Trabalhos no Congresso Nacional devem voltar a se intensificar nesta semana"},"content":{"rendered":"<p><img loading=\"lazy\" decoding=\"async\" class=\"alignnone size-medium wp-image-13521\" src=\"http:\/\/blogdorogeriogomes.com.br\/wp-content\/uploads\/2019\/08\/IMG_20190805_054532_161-300x182.jpg\" alt=\"IMG_20190805_054532_161\" width=\"300\" height=\"182\" srcset=\"https:\/\/blogdorogeriogomes.com.br\/noticias\/wp-content\/uploads\/2019\/08\/IMG_20190805_054532_161-300x182.jpg 300w, https:\/\/blogdorogeriogomes.com.br\/noticias\/wp-content\/uploads\/2019\/08\/IMG_20190805_054532_161.jpg 574w\" sizes=\"auto, (max-width: 300px) 100vw, 300px\" \/><\/p>\n<p>Apesar da volta do recesso ter ocorrido no \u00faltimo dia 1\u00b0 de agosto, deputados federais e senadores devem intensificar os trabalhos nesta semana. Prevista para ter a an\u00e1lise conclu\u00edda na primeira quinzena de agosto, a reforma da Previd\u00eancia precisa ser votada pela segunda vez j\u00e1 C\u00e2mara Federal, para depois seguir para o Senado, onde passar\u00e1 pela Comiss\u00e3o de Constitui\u00e7\u00e3o e Justi\u00e7a e para mais dois turnos de vota\u00e7\u00e3o em plen\u00e1rio.<br \/>\nAp\u00f3s aprova\u00e7\u00e3o da reforma do sistema de aposentadorias, o foco principal deve ser a reforma tribut\u00e1ria, que est\u00e1 em est\u00e1gio mais inicial de tramita\u00e7\u00e3o. Ainda n\u00e3o h\u00e1 consenso em rela\u00e7\u00e3o \u00e0 proposta que vingar\u00e1 no Congresso.<br \/>\nPropostas do Governo Federal como o pacote anticrime, a libera\u00e7\u00e3o do &#8220;homeschooling&#8221; (ensino domiciliar) e a flexibiliza\u00e7\u00e3o do porte de armas devem ficar em segundo plano pelos congressistas neste semestre.<\/p>\n","protected":false},"excerpt":{"rendered":"<p>Apesar da volta do recesso ter ocorrido no \u00faltimo dia 1\u00b0 de agosto, deputados federais e senadores devem intensificar os trabalhos nesta semana. Prevista para ter a an\u00e1lise conclu\u00edda na primeira quinzena de agosto, a reforma da Previd\u00eancia precisa ser votada pela segunda vez j\u00e1 C\u00e2mara Federal, para depois seguir para o Senado, onde passar\u00e1 pela Comiss\u00e3o de Constitui\u00e7\u00e3o e Justi\u00e7a e para mais dois turnos de vota\u00e7\u00e3o em plen\u00e1rio. Ap\u00f3s aprova\u00e7\u00e3o da reforma do sistema de aposentadorias, o&hellip;<\/p>\n","protected":false},"author":1,"featured_media":0,"comment_status":"open","ping_status":"open","sticky":false,"template":"","format":"standard","meta":{"footnotes":""},"categories":[1],"tags":[],"class_list":["post-13520","post","type-post","status-publish","format-standard","hentry","category-noticias"],"_links":{"self":[{"href":"https:\/\/blogdorogeriogomes.com.br\/noticias\/wp-json\/wp\/v2\/posts\/13520","targetHints":{"allow":["GET"]}}],"collection":[{"href":"https:\/\/blogdorogeriogomes.com.br\/noticias\/wp-json\/wp\/v2\/posts"}],"about":[{"href":"https:\/\/blogdorogeriogomes.com.br\/noticias\/wp-json\/wp\/v2\/types\/post"}],"author":[{"embeddable":true,"href":"https:\/\/blogdorogeriogomes.com.br\/noticias\/wp-json\/wp\/v2\/users\/1"}],"replies":[{"embeddable":true,"href":"https:\/\/blogdorogeriogomes.com.br\/noticias\/wp-json\/wp\/v2\/comments?post=13520"}],"version-history":[{"count":1,"href":"https:\/\/blogdorogeriogomes.com.br\/noticias\/wp-json\/wp\/v2\/posts\/13520\/revisions"}],"predecessor-version":[{"id":13522,"href":"https:\/\/blogdorogeriogomes.com.br\/noticias\/wp-json\/wp\/v2\/posts\/13520\/revisions\/13522"}],"wp:attachment":[{"href":"https:\/\/blogdorogeriogomes.com.br\/noticias\/wp-json\/wp\/v2\/media?parent=13520"}],"wp:term":[{"taxonomy":"category","embeddable":true,"href":"https:\/\/blogdorogeriogomes.com.br\/noticias\/wp-json\/wp\/v2\/categories?post=13520"},{"taxonomy":"post_tag","embeddable":true,"href":"https:\/\/blogdorogeriogomes.com.br\/noticias\/wp-json\/wp\/v2\/tags?post=13520"}],"curies":[{"name":"wp","href":"https:\/\/api.w.org\/{rel}","templated":true}]}}