{"id":13529,"date":"2019-08-05T21:43:42","date_gmt":"2019-08-05T21:43:42","guid":{"rendered":"http:\/\/blogdorogeriogomes.com.br\/?p=13529"},"modified":"2019-08-05T21:43:42","modified_gmt":"2019-08-05T21:43:42","slug":"marina-silva-afirma-que-bolsonaro-tenta-esconder-o-desmatamento-no-pais","status":"publish","type":"post","link":"https:\/\/blogdorogeriogomes.com.br\/noticias\/2019\/08\/marina-silva-afirma-que-bolsonaro-tenta-esconder-o-desmatamento-no-pais\/","title":{"rendered":"Marina Silva afirma que Bolsonaro tenta esconder o desmatamento no Pa\u00eds"},"content":{"rendered":"<p><img loading=\"lazy\" decoding=\"async\" class=\"alignnone size-medium wp-image-13530\" src=\"http:\/\/blogdorogeriogomes.com.br\/wp-content\/uploads\/2019\/08\/IMG_20190805_183838_391-300x181.jpg\" alt=\"IMG_20190805_183838_391\" width=\"300\" height=\"181\" srcset=\"https:\/\/blogdorogeriogomes.com.br\/noticias\/wp-content\/uploads\/2019\/08\/IMG_20190805_183838_391-300x181.jpg 300w, https:\/\/blogdorogeriogomes.com.br\/noticias\/wp-content\/uploads\/2019\/08\/IMG_20190805_183838_391.jpg 686w\" sizes=\"auto, (max-width: 300px) 100vw, 300px\" \/><\/p>\n<p>Pelo Twitter, a ex-ministra do Meio Ambiente, Marina Silva, disse que o presidente Jair Bolsonaro tenta esconder o desmatamento no Pa\u00eds. A declara\u00e7\u00e3o vem na sequ\u00eancia de ataques feitos por Bolsonaro aos dados de desmatamento divulgados pelo Instituto Nacional de Pesquisas Espaciais (Inpe). Segundo ela, a estrat\u00e9gia de Bolsonaro \u00e9 &#8220;t\u00edpica de maus governantes&#8221; e que &#8220;refor\u00e7a sua incapacidade cr\u00f4nica&#8221;.<br \/>\nNo fim de semana, Jair Bolsonaro voltou a criticar as Organiza\u00e7\u00f5es N\u00e3o Governamentais (ONGs) e o ex-diretor do instituto Ricardo Galv\u00e3o ao afirmar que \u201calguns brasileiros ousam fazer campanha com n\u00fameros mentirosos\u201d sobre o desmatamento na Amaz\u00f4nia. Declara\u00e7\u00e3o de Bolsonaro acontece tr\u00eas dias ap\u00f3s Galv\u00e3o ter sido exonerado do cargo por rebater as cr\u00edticas de Bolsonaro \u00e0 divulga\u00e7\u00e3o de dados que mostravam que o desmatamento cresceu 88% na Amaz\u00f4nia Legal.<\/p>\n","protected":false},"excerpt":{"rendered":"<p>Pelo Twitter, a ex-ministra do Meio Ambiente, Marina Silva, disse que o presidente Jair Bolsonaro tenta esconder o desmatamento no Pa\u00eds. A declara\u00e7\u00e3o vem na sequ\u00eancia de ataques feitos por Bolsonaro aos dados de desmatamento divulgados pelo Instituto Nacional de Pesquisas Espaciais (Inpe). Segundo ela, a estrat\u00e9gia de Bolsonaro \u00e9 &#8220;t\u00edpica de maus governantes&#8221; e que &#8220;refor\u00e7a sua incapacidade cr\u00f4nica&#8221;. No fim de semana, Jair Bolsonaro voltou a criticar as Organiza\u00e7\u00f5es N\u00e3o Governamentais (ONGs) e o ex-diretor do instituto&hellip;<\/p>\n","protected":false},"author":1,"featured_media":0,"comment_status":"open","ping_status":"open","sticky":false,"template":"","format":"standard","meta":{"footnotes":""},"categories":[1],"tags":[],"class_list":["post-13529","post","type-post","status-publish","format-standard","hentry","category-noticias"],"_links":{"self":[{"href":"https:\/\/blogdorogeriogomes.com.br\/noticias\/wp-json\/wp\/v2\/posts\/13529","targetHints":{"allow":["GET"]}}],"collection":[{"href":"https:\/\/blogdorogeriogomes.com.br\/noticias\/wp-json\/wp\/v2\/posts"}],"about":[{"href":"https:\/\/blogdorogeriogomes.com.br\/noticias\/wp-json\/wp\/v2\/types\/post"}],"author":[{"embeddable":true,"href":"https:\/\/blogdorogeriogomes.com.br\/noticias\/wp-json\/wp\/v2\/users\/1"}],"replies":[{"embeddable":true,"href":"https:\/\/blogdorogeriogomes.com.br\/noticias\/wp-json\/wp\/v2\/comments?post=13529"}],"version-history":[{"count":1,"href":"https:\/\/blogdorogeriogomes.com.br\/noticias\/wp-json\/wp\/v2\/posts\/13529\/revisions"}],"predecessor-version":[{"id":13531,"href":"https:\/\/blogdorogeriogomes.com.br\/noticias\/wp-json\/wp\/v2\/posts\/13529\/revisions\/13531"}],"wp:attachment":[{"href":"https:\/\/blogdorogeriogomes.com.br\/noticias\/wp-json\/wp\/v2\/media?parent=13529"}],"wp:term":[{"taxonomy":"category","embeddable":true,"href":"https:\/\/blogdorogeriogomes.com.br\/noticias\/wp-json\/wp\/v2\/categories?post=13529"},{"taxonomy":"post_tag","embeddable":true,"href":"https:\/\/blogdorogeriogomes.com.br\/noticias\/wp-json\/wp\/v2\/tags?post=13529"}],"curies":[{"name":"wp","href":"https:\/\/api.w.org\/{rel}","templated":true}]}}